{"id":339179,"date":"2017-08-10T00:11:58","date_gmt":"2017-08-10T05:11:58","guid":{"rendered":"http:\/\/www.diarioimagen.net\/?p=339179"},"modified":"2017-08-10T04:41:16","modified_gmt":"2017-08-10T09:41:16","slug":"entrega-claudia-diaz-instrumentos-musicales-a-ninos-del-difem","status":"publish","type":"post","link":"https:\/\/www.diarioimagen.net\/?p=339179","title":{"rendered":"Entrega Claudia D\u00edaz instrumentos musicales a ni\u00f1os del DIFEM"},"content":{"rendered":"<ul>\n<li><strong><em>En acto encabezado por Mar\u00eda Irene Dipp<\/em><\/strong><\/li>\n<\/ul>\n<p>&nbsp;<\/p>\n<div id=\"attachment_339323\" style=\"width: 470px\" class=\"wp-caption aligncenter\"><a href=\"http:\/\/www.diarioimagen.net\/?attachment_id=339323\" rel=\"attachment wp-att-339323\"><img loading=\"lazy\" decoding=\"async\" aria-describedby=\"caption-attachment-339323\" class=\"size-large wp-image-339323\" src=\"http:\/\/www.diarioimagen.net\/wp-content\/uploads\/2017\/08\/DIFEM-3182-460x259.jpg\" alt=\"\" width=\"460\" height=\"259\" srcset=\"https:\/\/www.diarioimagen.net\/wp-content\/uploads\/2017\/08\/DIFEM-3182-460x259.jpg 460w, https:\/\/www.diarioimagen.net\/wp-content\/uploads\/2017\/08\/DIFEM-3182-240x135.jpg 240w, https:\/\/www.diarioimagen.net\/wp-content\/uploads\/2017\/08\/DIFEM-3182-235x132.jpg 235w, https:\/\/www.diarioimagen.net\/wp-content\/uploads\/2017\/08\/DIFEM-3182-202x114.jpg 202w, https:\/\/www.diarioimagen.net\/wp-content\/uploads\/2017\/08\/DIFEM-3182-350x196.jpg 350w, https:\/\/www.diarioimagen.net\/wp-content\/uploads\/2017\/08\/DIFEM-3182-220x123.jpg 220w, https:\/\/www.diarioimagen.net\/wp-content\/uploads\/2017\/08\/DIFEM-3182-237x132.jpg 237w, https:\/\/www.diarioimagen.net\/wp-content\/uploads\/2017\/08\/DIFEM-3182.jpg 480w\" sizes=\"auto, (max-width: 460px) 100vw, 460px\" \/><\/a><p id=\"caption-attachment-339323\" class=\"wp-caption-text\">Claudia D\u00edaz Garc\u00eda, entreg\u00f3, en un acto encabezado por Mar\u00eda Irene Dipp de \u00c1vila, presidenta honoraria del DIFEM, un paquete musical a los ni\u00f1os de los Centros de Asistencia Social.<\/p><\/div>\n<p>&nbsp;<\/p>\n<p><strong>Toluca, Estado de M\u00e9xico<\/strong>.- La presidenta de la Unidad de Asistencia Social (Unidas) del Poder Legislativo mexiquense, Claudia D\u00edaz Garc\u00eda, entreg\u00f3, en un acto encabezado por Mar\u00eda Irene Dipp de \u00c1vila, presidenta honoraria del Sistema para el Desarrollo Integral de la Familia del Estado de M\u00e9xico (DIFEM), un paquete musical, que consta de 42 instrumentos y 16 accesorios, a los ni\u00f1os de los Centros de Asistencia Social de este organismo.<\/p>\n<p>En presencia de Isy Mart\u00ednez Ramos, presidenta del Voluntariado del Poder Judicial de la entidad, y Carolina Alan\u00eds Moreno, directora general del DIFEM, Claudia D\u00edaz destac\u00f3 que la educaci\u00f3n es la mejor herencia para la juventud y la ni\u00f1ez mexiquense, por lo que reconoci\u00f3 la gesti\u00f3n del diputado Cruz Roa S\u00e1nchez, presidente de la Junta de Coordinaci\u00f3n Pol\u00edtica, para obtener estos equipos.<\/p>\n<p>Resalt\u00f3 que el principal objetivo es contribuir al fortalecimiento de la educaci\u00f3n integral de m\u00e1s 300 ni\u00f1os que conforman los cuatro albergues de esta instituci\u00f3n, ya que la m\u00fasica es un recurso para alcanzar un mejor desarrollo intelectual.<\/p>\n<p>Al recibir un reconocimiento de Mar\u00eda Irene Dipp por esta donaci\u00f3n, Claudia D\u00edaz agradeci\u00f3 a la presidenta honoraria del DIFEM y al gobernador Eruviel \u00c1vila Villegas por \u201csu invaluable esfuerzo, dedicaci\u00f3n y el importante valor de proteger, educar y brindar las mejores atenciones a estos ni\u00f1os\u201d.<\/p>\n<p>Mar\u00eda Irene Dipp dijo que la m\u00fasica permitir\u00e1 que las y los ni\u00f1os se desenvuelvan, aprendan y crezcan, y anunci\u00f3 la inversi\u00f3n de m\u00e1s de un mill\u00f3n y medio de pesos para contratar nueve maestros de m\u00fasica, historia de la m\u00fasica y canto.<\/p>\n<p>En el evento, en el que Martha Berenice interpret\u00f3 tres piezas musicales en un viol\u00edn reci\u00e9n recibido, Isy Mart\u00ednez destac\u00f3 el inter\u00e9s de las instituciones, como el DIFEM y los voluntariados, \u201cpor hacer familia, por arropar juntos a los m\u00e1s desvalidos\u201d.<\/p>\n","protected":false},"excerpt":{"rendered":"<p>La presidenta de la Unidad de Asistencia Social (Unidas) del Poder Legislativo mexiquense, Claudia D\u00edaz Garc\u00eda, entreg\u00f3, en un acto encabezado por Mar\u00eda Irene Dipp de \u00c1vila, presidenta honoraria del Sistema para el Desarrollo Integral de la Familia del Estado de M\u00e9xico (DIFEM), un paquete musical, que consta de 42 instrumentos y 16 accesorios, a los ni\u00f1os de los Centros de Asistencia Social de este organismo.<\/p>\n","protected":false},"author":3,"featured_media":339323,"comment_status":"open","ping_status":"open","sticky":false,"template":"","format":"standard","meta":{"_monsterinsights_skip_tracking":false,"_monsterinsights_sitenote_active":false,"_monsterinsights_sitenote_note":"","_monsterinsights_sitenote_category":0,"footnotes":""},"categories":[5],"tags":[394,43675,452],"class_list":["post-339179","post","type-post","status-publish","format-standard","has-post-thumbnail","hentry","category-estado-de-mexico","tag-difem","tag-estado-de-mexico","tag-toluca"],"_links":{"self":[{"href":"https:\/\/www.diarioimagen.net\/index.php?rest_route=\/wp\/v2\/posts\/339179","targetHints":{"allow":["GET"]}}],"collection":[{"href":"https:\/\/www.diarioimagen.net\/index.php?rest_route=\/wp\/v2\/posts"}],"about":[{"href":"https:\/\/www.diarioimagen.net\/index.php?rest_route=\/wp\/v2\/types\/post"}],"author":[{"embeddable":true,"href":"https:\/\/www.diarioimagen.net\/index.php?rest_route=\/wp\/v2\/users\/3"}],"replies":[{"embeddable":true,"href":"https:\/\/www.diarioimagen.net\/index.php?rest_route=%2Fwp%2Fv2%2Fcomments&post=339179"}],"version-history":[{"count":0,"href":"https:\/\/www.diarioimagen.net\/index.php?rest_route=\/wp\/v2\/posts\/339179\/revisions"}],"wp:featuredmedia":[{"embeddable":true,"href":"https:\/\/www.diarioimagen.net\/index.php?rest_route=\/wp\/v2\/media\/339323"}],"wp:attachment":[{"href":"https:\/\/www.diarioimagen.net\/index.php?rest_route=%2Fwp%2Fv2%2Fmedia&parent=339179"}],"wp:term":[{"taxonomy":"category","embeddable":true,"href":"https:\/\/www.diarioimagen.net\/index.php?rest_route=%2Fwp%2Fv2%2Fcategories&post=339179"},{"taxonomy":"post_tag","embeddable":true,"href":"https:\/\/www.diarioimagen.net\/index.php?rest_route=%2Fwp%2Fv2%2Ftags&post=339179"}],"curies":[{"name":"wp","href":"https:\/\/api.w.org\/{rel}","templated":true}]}}