{"id":339203,"date":"2017-08-10T00:05:35","date_gmt":"2017-08-10T05:05:35","guid":{"rendered":"http:\/\/www.diarioimagen.net\/?p=339203"},"modified":"2017-08-11T00:49:12","modified_gmt":"2017-08-11T05:49:12","slug":"se-acelera-la-inflacion-alcanza-el-6-44-anual","status":"publish","type":"post","link":"https:\/\/www.diarioimagen.net\/?p=339203","title":{"rendered":"Se acelera la inflaci\u00f3n; alcanza el 6.44% anual"},"content":{"rendered":"<ul>\n<li><strong><em>Es temporal, asegura Meade<\/em><\/strong><\/li>\n<\/ul>\n<p>&nbsp;<\/p>\n<div id=\"attachment_339318\" style=\"width: 470px\" class=\"wp-caption aligncenter\"><a href=\"http:\/\/www.diarioimagen.net\/?attachment_id=339318\" rel=\"attachment wp-att-339318\"><img loading=\"lazy\" decoding=\"async\" aria-describedby=\"caption-attachment-339318\" class=\"size-large wp-image-339318\" src=\"http:\/\/www.diarioimagen.net\/wp-content\/uploads\/2017\/08\/INFLACION-3182-460x259.jpg\" alt=\"\" width=\"460\" height=\"259\" srcset=\"https:\/\/www.diarioimagen.net\/wp-content\/uploads\/2017\/08\/INFLACION-3182-460x259.jpg 460w, https:\/\/www.diarioimagen.net\/wp-content\/uploads\/2017\/08\/INFLACION-3182-240x135.jpg 240w, https:\/\/www.diarioimagen.net\/wp-content\/uploads\/2017\/08\/INFLACION-3182-235x132.jpg 235w, https:\/\/www.diarioimagen.net\/wp-content\/uploads\/2017\/08\/INFLACION-3182-202x114.jpg 202w, https:\/\/www.diarioimagen.net\/wp-content\/uploads\/2017\/08\/INFLACION-3182-350x196.jpg 350w, https:\/\/www.diarioimagen.net\/wp-content\/uploads\/2017\/08\/INFLACION-3182-220x123.jpg 220w, https:\/\/www.diarioimagen.net\/wp-content\/uploads\/2017\/08\/INFLACION-3182-237x132.jpg 237w, https:\/\/www.diarioimagen.net\/wp-content\/uploads\/2017\/08\/INFLACION-3182.jpg 480w\" sizes=\"auto, (max-width: 460px) 100vw, 460px\" \/><\/a><p id=\"caption-attachment-339318\" class=\"wp-caption-text\">El \u00cdndice Nacional de Precios al Consumidor subi\u00f3 0.38 por ciento mensual en julio y 6.44 por ciento anual.<\/p><\/div>\n<p>&nbsp;<\/p>\n<p>El dato de inflaci\u00f3n anual en M\u00e9xico en julio de este a\u00f1o, que lleg\u00f3 a 6.44 por ciento, es extraordinario, pues obedece a una situaci\u00f3n at\u00edpica, temporal y vinculada a cambios clim\u00e1ticos, asegur\u00f3 el secretario de Hacienda, Jos\u00e9 Antonio Meade Kuribre\u00f1a.<\/p>\n<p>En entrevista tras participar en el evento \u201cSector financiero y empoderamiento de las mujeres\u201d, dijo que si se quita este efecto, explicado por la variaci\u00f3n extraordinaria de un solo precio, el del jitomate, podr\u00e1 apreciarse en la inflaci\u00f3n una tendencia decreciente.<\/p>\n<p>Se\u00f1al\u00f3 que si quitar\u00e1 el impacto del jitomate, junto con el del alza en el precio de la papa, el dato de inflaci\u00f3n hubiera sido casi 30 puntos base inferior y se hubiera ubicado cerca de 6.0 o 6.08 por ciento, y menor al registrado en junio pasado.<\/p>\n<p>\u201cSeguimos pensando que la trayectoria de la inflaci\u00f3n va a ser decreciente, que la trayectoria de precios va a converger, y va a converger en los tiempos que el Banco de M\u00e9xico ha se\u00f1alado\u201d, argument\u00f3 respecto a la expectativa del banco central de que la inflaci\u00f3n anual se ubique cerca de su meta de largo plazo de 3.0 por ciento.<\/p>\n<p>El \u00cdndice Nacional de Precios al Consumidor (INPC) subi\u00f3 0.38 por ciento mensual en julio y 6.44 por ciento anual, su mayor incremento desde diciembre de 2008, ocasi\u00f3n en que vari\u00f3 6.53 por ciento.<\/p>\n<p>La informaci\u00f3n del Instituto Nacional de Estad\u00edstica y Geograf\u00eda (Inegi) muestra que se trata del avance m\u00e1s alto a tasa anual en 103 meses, esto es, 8 a\u00f1os y 7 meses.<\/p>\n<p>En el s\u00e9ptimo mes, la inflaci\u00f3n registr\u00f3 una variaci\u00f3n superior al consenso, el cual esperaba un alza de 0.32 por ciento mensual y de 6.37 por ciento anual.<\/p>\n<p>Por componentes, en el mes, la inflaci\u00f3n subyacente, que excluye agropecuarios, energ\u00e9ticos y tarifas autorizadas por el Gobierno, present\u00f3 una variaci\u00f3n de 0.27 por ciento, la menor en 8 meses, y un avance de 4.94 por ciento con respecto al mismo mes del a\u00f1o pasado.<\/p>\n<p>Al interior del \u00edndice subyacente, las mercanc\u00edas observaron su menor aumento en 12 meses, con 0.12 por ciento en julio, un n\u00famero que se reflej\u00f3 en un alza anual de 6.42 por ciento, impulsado tanto por los alimentos, bebidas y tabaco como por las mercanc\u00edas no alimenticias.<\/p>\n<p>En los servicios, el aumento en los precios al consumidor fue de 0.40 por ciento mensual y de 3.68 por ciento respecto a julio del a\u00f1o previo.<\/p>\n<p>Con un incremento de 0.72 por ciento, el \u00edndice de precios no subyacente report\u00f3 una elevaci\u00f3n a tasa anual de 11.27 por ciento, en el que destacan frutas y verduras con un repunte de 21.86 por ciento entre los agropecuarios.<\/p>\n<p>Los precios de los energ\u00e9ticos y tarifas autorizados por el gobierno experimentaron un crecimiento de 10.81 por ciento anual, luego de su variaci\u00f3n mensual de menos 0.41 por ciento.<\/p>\n<p>En el mes de referencia, algunos productos con incrementos fueron el jitomate, con 21.80 por ciento, respecto a junio de este a\u00f1o, para presentar una contribuci\u00f3n en el INPC de 0.105 puntos porcentuales, seguido por servicios tur\u00edsticos en paquete con 9.71 por ciento y 0.055 puntos en ese orden.<\/p>\n<p>En lado opuesto, gas dom\u00e9stico LP figur\u00f3 entre los productos con descenso, al bajar 2.46 por ciento su precio al consumidor y mostrar una incidencia de menos 0.045 puntos porcentuales en el INPC de julio.<\/p>\n","protected":false},"excerpt":{"rendered":"<p>El dato de inflaci\u00f3n anual en M\u00e9xico en julio de este a\u00f1o, que lleg\u00f3 a 6.44 por ciento, es extraordinario, pues obedece a una situaci\u00f3n at\u00edpica, temporal y vinculada a cambios clim\u00e1ticos, asegur\u00f3 el secretario de Hacienda, Jos\u00e9 Antonio Meade Kuribre\u00f1a.<\/p>\n","protected":false},"author":3,"featured_media":339318,"comment_status":"open","ping_status":"open","sticky":false,"template":"","format":"standard","meta":{"_monsterinsights_skip_tracking":false,"_monsterinsights_sitenote_active":false,"_monsterinsights_sitenote_note":"","_monsterinsights_sitenote_category":0,"footnotes":""},"categories":[8],"tags":[64091,932,26429,64092],"class_list":["post-339203","post","type-post","status-publish","format-standard","has-post-thumbnail","hentry","category-finanzas","tag-anual","tag-inflacion","tag-jose-antonio-meade-kuribrena","tag-temporal"],"_links":{"self":[{"href":"https:\/\/www.diarioimagen.net\/index.php?rest_route=\/wp\/v2\/posts\/339203","targetHints":{"allow":["GET"]}}],"collection":[{"href":"https:\/\/www.diarioimagen.net\/index.php?rest_route=\/wp\/v2\/posts"}],"about":[{"href":"https:\/\/www.diarioimagen.net\/index.php?rest_route=\/wp\/v2\/types\/post"}],"author":[{"embeddable":true,"href":"https:\/\/www.diarioimagen.net\/index.php?rest_route=\/wp\/v2\/users\/3"}],"replies":[{"embeddable":true,"href":"https:\/\/www.diarioimagen.net\/index.php?rest_route=%2Fwp%2Fv2%2Fcomments&post=339203"}],"version-history":[{"count":0,"href":"https:\/\/www.diarioimagen.net\/index.php?rest_route=\/wp\/v2\/posts\/339203\/revisions"}],"wp:featuredmedia":[{"embeddable":true,"href":"https:\/\/www.diarioimagen.net\/index.php?rest_route=\/wp\/v2\/media\/339318"}],"wp:attachment":[{"href":"https:\/\/www.diarioimagen.net\/index.php?rest_route=%2Fwp%2Fv2%2Fmedia&parent=339203"}],"wp:term":[{"taxonomy":"category","embeddable":true,"href":"https:\/\/www.diarioimagen.net\/index.php?rest_route=%2Fwp%2Fv2%2Fcategories&post=339203"},{"taxonomy":"post_tag","embeddable":true,"href":"https:\/\/www.diarioimagen.net\/index.php?rest_route=%2Fwp%2Fv2%2Ftags&post=339203"}],"curies":[{"name":"wp","href":"https:\/\/api.w.org\/{rel}","templated":true}]}}