{"id":339418,"date":"2017-08-11T00:08:44","date_gmt":"2017-08-11T05:08:44","guid":{"rendered":"http:\/\/www.diarioimagen.net\/?p=339418"},"modified":"2017-08-11T07:36:11","modified_gmt":"2017-08-11T12:36:11","slug":"uaem-institucion-de-educacion-superior-de-excelencia","status":"publish","type":"post","link":"https:\/\/www.diarioimagen.net\/?p=339418","title":{"rendered":"UAEM, instituci\u00f3n de educaci\u00f3n superior de excelencia"},"content":{"rendered":"<p><a href=\"http:\/\/www.diarioimagen.net\/?attachment_id=339499\" rel=\"attachment wp-att-339499\"><img loading=\"lazy\" decoding=\"async\" class=\"aligncenter size-large wp-image-339499\" src=\"http:\/\/www.diarioimagen.net\/wp-content\/uploads\/2017\/08\/UAEM-3183-460x259.jpg\" alt=\"\" width=\"460\" height=\"259\" srcset=\"https:\/\/www.diarioimagen.net\/wp-content\/uploads\/2017\/08\/UAEM-3183-460x259.jpg 460w, https:\/\/www.diarioimagen.net\/wp-content\/uploads\/2017\/08\/UAEM-3183-240x135.jpg 240w, https:\/\/www.diarioimagen.net\/wp-content\/uploads\/2017\/08\/UAEM-3183-235x132.jpg 235w, https:\/\/www.diarioimagen.net\/wp-content\/uploads\/2017\/08\/UAEM-3183-202x114.jpg 202w, https:\/\/www.diarioimagen.net\/wp-content\/uploads\/2017\/08\/UAEM-3183-350x196.jpg 350w, https:\/\/www.diarioimagen.net\/wp-content\/uploads\/2017\/08\/UAEM-3183-220x123.jpg 220w, https:\/\/www.diarioimagen.net\/wp-content\/uploads\/2017\/08\/UAEM-3183-237x132.jpg 237w, https:\/\/www.diarioimagen.net\/wp-content\/uploads\/2017\/08\/UAEM-3183.jpg 480w\" sizes=\"auto, (max-width: 460px) 100vw, 460px\" \/><\/a><\/p>\n<p>&nbsp;<\/p>\n<p><strong>Toluca, Estado de M\u00e9xico.- <\/strong>La Licenciatura en Derecho de la Facultad de Derecho de la Universidad Aut\u00f3noma del Estado de M\u00e9xico fue acreditada, por cinco a\u00f1os, por el Instituto Internacional de Acreditaci\u00f3n del Derecho A. C. (IIDEA), convirti\u00e9ndose en uno de los cinco programas de estudio de la instituci\u00f3n que cuentan con una acreditaci\u00f3n internacional.<\/p>\n<p>Al encabezar la ceremonia de entrega de esta distinci\u00f3n, en representaci\u00f3n del rector de la UAEM, Alfredo Barrera Baca, la directora de Estudios Profesionales de la instituci\u00f3n, Sandra Luz Mart\u00ednez Vargas, subray\u00f3 que la Administraci\u00f3n 2017-2021 tiene el firme compromiso de otorgar educaci\u00f3n de calidad a m\u00e1s personas.<\/p>\n","protected":false},"excerpt":{"rendered":"<p>La Licenciatura en Derecho de la Facultad de Derecho de la Universidad Aut\u00f3noma del Estado de M\u00e9xico fue acreditada, por cinco a\u00f1os, por el Instituto Internacional de Acreditaci\u00f3n del Derecho A. C. (IIDEA), convirti\u00e9ndose en uno de los cinco programas de estudio de la instituci\u00f3n que cuentan con una acreditaci\u00f3n internacional.<\/p>\n","protected":false},"author":3,"featured_media":339499,"comment_status":"open","ping_status":"open","sticky":false,"template":"","format":"standard","meta":{"_monsterinsights_skip_tracking":false,"_monsterinsights_sitenote_active":false,"_monsterinsights_sitenote_note":"","_monsterinsights_sitenote_category":0,"footnotes":""},"categories":[35155],"tags":[43675,452],"class_list":["post-339418","post","type-post","status-publish","format-standard","has-post-thumbnail","hentry","category-estado-de-mexico-estado-de-mexico","tag-estado-de-mexico","tag-toluca"],"_links":{"self":[{"href":"https:\/\/www.diarioimagen.net\/index.php?rest_route=\/wp\/v2\/posts\/339418","targetHints":{"allow":["GET"]}}],"collection":[{"href":"https:\/\/www.diarioimagen.net\/index.php?rest_route=\/wp\/v2\/posts"}],"about":[{"href":"https:\/\/www.diarioimagen.net\/index.php?rest_route=\/wp\/v2\/types\/post"}],"author":[{"embeddable":true,"href":"https:\/\/www.diarioimagen.net\/index.php?rest_route=\/wp\/v2\/users\/3"}],"replies":[{"embeddable":true,"href":"https:\/\/www.diarioimagen.net\/index.php?rest_route=%2Fwp%2Fv2%2Fcomments&post=339418"}],"version-history":[{"count":0,"href":"https:\/\/www.diarioimagen.net\/index.php?rest_route=\/wp\/v2\/posts\/339418\/revisions"}],"wp:featuredmedia":[{"embeddable":true,"href":"https:\/\/www.diarioimagen.net\/index.php?rest_route=\/wp\/v2\/media\/339499"}],"wp:attachment":[{"href":"https:\/\/www.diarioimagen.net\/index.php?rest_route=%2Fwp%2Fv2%2Fmedia&parent=339418"}],"wp:term":[{"taxonomy":"category","embeddable":true,"href":"https:\/\/www.diarioimagen.net\/index.php?rest_route=%2Fwp%2Fv2%2Fcategories&post=339418"},{"taxonomy":"post_tag","embeddable":true,"href":"https:\/\/www.diarioimagen.net\/index.php?rest_route=%2Fwp%2Fv2%2Ftags&post=339418"}],"curies":[{"name":"wp","href":"https:\/\/api.w.org\/{rel}","templated":true}]}}