{"id":339426,"date":"2017-08-11T00:06:58","date_gmt":"2017-08-11T05:06:58","guid":{"rendered":"http:\/\/www.diarioimagen.net\/?p=339426"},"modified":"2017-08-11T07:42:40","modified_gmt":"2017-08-11T12:42:40","slug":"entregan-en-coacalco-apoyos-del-programa-canasta-mexiquense","status":"publish","type":"post","link":"https:\/\/www.diarioimagen.net\/?p=339426","title":{"rendered":"Entregan en Coacalco apoyos del programa Canasta Mexiquense"},"content":{"rendered":"<ul>\n<li><strong><em>En beneficio de familias desprotegidas<\/em><\/strong><\/li>\n<\/ul>\n<p>&nbsp;<\/p>\n<div id=\"attachment_339508\" style=\"width: 470px\" class=\"wp-caption aligncenter\"><a href=\"http:\/\/www.diarioimagen.net\/?attachment_id=339508\" rel=\"attachment wp-att-339508\"><img loading=\"lazy\" decoding=\"async\" aria-describedby=\"caption-attachment-339508\" class=\"size-large wp-image-339508\" src=\"http:\/\/www.diarioimagen.net\/wp-content\/uploads\/2017\/08\/COACALCO-3183-460x259.jpg\" alt=\"\" width=\"460\" height=\"259\" srcset=\"https:\/\/www.diarioimagen.net\/wp-content\/uploads\/2017\/08\/COACALCO-3183-460x259.jpg 460w, https:\/\/www.diarioimagen.net\/wp-content\/uploads\/2017\/08\/COACALCO-3183-240x135.jpg 240w, https:\/\/www.diarioimagen.net\/wp-content\/uploads\/2017\/08\/COACALCO-3183-235x132.jpg 235w, https:\/\/www.diarioimagen.net\/wp-content\/uploads\/2017\/08\/COACALCO-3183-202x114.jpg 202w, https:\/\/www.diarioimagen.net\/wp-content\/uploads\/2017\/08\/COACALCO-3183-350x196.jpg 350w, https:\/\/www.diarioimagen.net\/wp-content\/uploads\/2017\/08\/COACALCO-3183-220x123.jpg 220w, https:\/\/www.diarioimagen.net\/wp-content\/uploads\/2017\/08\/COACALCO-3183-237x132.jpg 237w, https:\/\/www.diarioimagen.net\/wp-content\/uploads\/2017\/08\/COACALCO-3183.jpg 480w\" sizes=\"auto, (max-width: 460px) 100vw, 460px\" \/><\/a><p id=\"caption-attachment-339508\" class=\"wp-caption-text\">Gobiernos del Estado de M\u00e9xico y de Coacalco unen esfuerzos para apoyar a centenares de familias desprotegidas\u00a0 con el programa Canasta Mexiquense.<\/p><\/div>\n<p>&nbsp;<\/p>\n<p><strong>Coacalco, Estado de M\u00e9xico<\/strong>.-Los gobiernos del Estado de M\u00e9xico y de Coacalco unen esfuerzos para apoyar a centenares de las familias m\u00e1s desprotegidas del municipio. La prueba: ayer jueves, el presidente municipal entreg\u00f3 3 mil canastas alimentarias del programa estatal Canasta Mexiquense (CAMEX).<\/p>\n<p>Las CAMEX son paquetes alimenticios que se entregan en forma bimestral a madres solteras, ni\u00f1os menores de 5 a\u00f1os, personas con padecimientos cr\u00f3nicos, mujeres embarazadas o en periodo de lactancia, adultos mayores y a personas con capacidades diferentes.<\/p>\n<p>Al pronunciar un mensaje durante la entrega de canastas, el presidente municipal, Erwin Castel\u00e1n, resalt\u00f3 el apoyo que siempre ha brindado a Coacalco el gobernador Eruviel \u00c1vila, quien el pr\u00f3ximo 15 de septiembre termina su mandato.<\/p>\n<p>\u201cDesde aqu\u00ed pido un aplauso al gobernador del Estado de M\u00e9xico por las canastas y porque este hombre sensible que surgi\u00f3 del producto del esfuerzo del trabajo, nos deja una gran huella, un gran legado al ser un servidor p\u00fablico honesto, sencillo, que trabaja todos los d\u00edas en favor de las familias mexiquenses\u201d, dijo el edil.<\/p>\n<p>Por su parte, la presidenta del DIF de Coacalco, Sandra Patricia Santos, dijo que existe una amplia coordinaci\u00f3n entre la dependencia que encabeza y el DIFEM.<\/p>\n<p>Estas dependencias estatal y municipal, procuran en forma conjunta apoyar a las familias, en especial a las m\u00e1s necesitadas.<\/p>\n<p>\u201cUno de los mayores retos a los que se enfrenta el gobierno encabezado por el presidente municipal Erwin Castel\u00e1n, es el de procurar una adecuada atenci\u00f3n a aquellos segmentos que por su vulnerabilidad pueden enfrentar condiciones de desnutrici\u00f3n y de marginaci\u00f3n\u201d, apunt\u00f3.<\/p>\n<p>E hizo ver que las acciones y programas instrumentadas por el DIF y el DIFEM est\u00e1n encaminadas apoyar a los grupos vulnerables, a las familias m\u00e1s desprotegidas.<\/p>\n","protected":false},"excerpt":{"rendered":"<p>Los gobiernos del Estado de M\u00e9xico y de Coacalco unen esfuerzos para apoyar a centenares de las familias m\u00e1s desprotegidas del municipio. La prueba: ayer jueves, el presidente municipal entreg\u00f3 3 mil canastas alimentarias del programa estatal Canasta Mexiquense (CAMEX).<\/p>\n","protected":false},"author":3,"featured_media":339508,"comment_status":"open","ping_status":"open","sticky":false,"template":"","format":"standard","meta":{"_monsterinsights_skip_tracking":false,"_monsterinsights_sitenote_active":false,"_monsterinsights_sitenote_note":"","_monsterinsights_sitenote_category":0,"footnotes":""},"categories":[35155],"tags":[579,43675],"class_list":["post-339426","post","type-post","status-publish","format-standard","has-post-thumbnail","hentry","category-estado-de-mexico-estado-de-mexico","tag-coacalco","tag-estado-de-mexico"],"_links":{"self":[{"href":"https:\/\/www.diarioimagen.net\/index.php?rest_route=\/wp\/v2\/posts\/339426","targetHints":{"allow":["GET"]}}],"collection":[{"href":"https:\/\/www.diarioimagen.net\/index.php?rest_route=\/wp\/v2\/posts"}],"about":[{"href":"https:\/\/www.diarioimagen.net\/index.php?rest_route=\/wp\/v2\/types\/post"}],"author":[{"embeddable":true,"href":"https:\/\/www.diarioimagen.net\/index.php?rest_route=\/wp\/v2\/users\/3"}],"replies":[{"embeddable":true,"href":"https:\/\/www.diarioimagen.net\/index.php?rest_route=%2Fwp%2Fv2%2Fcomments&post=339426"}],"version-history":[{"count":0,"href":"https:\/\/www.diarioimagen.net\/index.php?rest_route=\/wp\/v2\/posts\/339426\/revisions"}],"wp:featuredmedia":[{"embeddable":true,"href":"https:\/\/www.diarioimagen.net\/index.php?rest_route=\/wp\/v2\/media\/339508"}],"wp:attachment":[{"href":"https:\/\/www.diarioimagen.net\/index.php?rest_route=%2Fwp%2Fv2%2Fmedia&parent=339426"}],"wp:term":[{"taxonomy":"category","embeddable":true,"href":"https:\/\/www.diarioimagen.net\/index.php?rest_route=%2Fwp%2Fv2%2Fcategories&post=339426"},{"taxonomy":"post_tag","embeddable":true,"href":"https:\/\/www.diarioimagen.net\/index.php?rest_route=%2Fwp%2Fv2%2Ftags&post=339426"}],"curies":[{"name":"wp","href":"https:\/\/api.w.org\/{rel}","templated":true}]}}