{"id":339782,"date":"2017-08-15T00:01:44","date_gmt":"2017-08-15T05:01:44","guid":{"rendered":"http:\/\/www.diarioimagen.net\/?p=339782"},"modified":"2017-08-15T23:56:06","modified_gmt":"2017-08-16T04:56:06","slug":"el-primer-dry-martini-en-mexico-de-javier-de-las-muelas-se-inauguro-en-el-hotel-conrad-san-luis-potosi","status":"publish","type":"post","link":"https:\/\/www.diarioimagen.net\/?p=339782","title":{"rendered":"El primer <em>Dry Martini<\/em> en M\u00e9xico, de Javier de las Muelas, se inaugur\u00f3 en el hotel <em>Conrad San Luis Potos\u00ed<\/em>"},"content":{"rendered":"<h2>De cinco estrellas<\/h2>\n<h5>Victoria Gonz\u00e1lez Prado<strong>\u00a0<\/strong><\/h5>\n<p>&nbsp;<\/p>\n<ul>\n<li><em><strong>Del 8 al 10 de septiembre, el Papa Francisco visitar\u00e1 Colombia y Avianca ser\u00e1 la aerol\u00ednea oficial que lo trasladar\u00e1<\/strong><\/em><\/li>\n<li><em><strong>Ya son nueve playas y una Marina certificadas por <\/strong><\/em><strong>Blue Flag<\/strong><em><strong> en Baja California Sur; es la segunda en el pa\u00eds en obtener el distintivo<\/strong><\/em><\/li>\n<li><em><strong>Zacatecas, en Punto M\u00e9xico, muestra lo mejor de sus atractivos, artesan\u00edas, fiestas y el Sensorama<\/strong><\/em><\/li>\n<\/ul>\n<p>&nbsp;<\/p>\n<div id=\"attachment_339860\" style=\"width: 470px\" class=\"wp-caption aligncenter\"><a href=\"http:\/\/www.diarioimagen.net\/?attachment_id=339860\" rel=\"attachment wp-att-339860\"><img loading=\"lazy\" decoding=\"async\" aria-describedby=\"caption-attachment-339860\" class=\"size-large wp-image-339860\" src=\"http:\/\/www.diarioimagen.net\/wp-content\/uploads\/2017\/08\/turismo-3185-460x259.jpg\" alt=\"\" width=\"460\" height=\"259\" srcset=\"https:\/\/www.diarioimagen.net\/wp-content\/uploads\/2017\/08\/turismo-3185-460x259.jpg 460w, https:\/\/www.diarioimagen.net\/wp-content\/uploads\/2017\/08\/turismo-3185-240x135.jpg 240w, https:\/\/www.diarioimagen.net\/wp-content\/uploads\/2017\/08\/turismo-3185-235x132.jpg 235w, https:\/\/www.diarioimagen.net\/wp-content\/uploads\/2017\/08\/turismo-3185-202x114.jpg 202w, https:\/\/www.diarioimagen.net\/wp-content\/uploads\/2017\/08\/turismo-3185-350x196.jpg 350w, https:\/\/www.diarioimagen.net\/wp-content\/uploads\/2017\/08\/turismo-3185-220x123.jpg 220w, https:\/\/www.diarioimagen.net\/wp-content\/uploads\/2017\/08\/turismo-3185-237x132.jpg 237w, https:\/\/www.diarioimagen.net\/wp-content\/uploads\/2017\/08\/turismo-3185.jpg 480w\" sizes=\"auto, (max-width: 460px) 100vw, 460px\" \/><\/a><p id=\"caption-attachment-339860\" class=\"wp-caption-text\">Javier de las Muelas.<\/p><\/div>\n<p>&nbsp;<\/p>\n<p>Una de las marcas de lujo de la cadena <em>Hilton,<\/em> <em>Conrad Hotels &amp; Resort<\/em>, anunci\u00f3 la apertura del primer <em>Dry Martini<\/em> de <strong>Javier de las Muelas,<\/strong> en M\u00e9xico, distinguido bar que ofrece a todos sus visitantes m\u00e1s de 150 cocteles cl\u00e1sicos revisados y reformulados bajo su marca, y en los que se refleja la pasi\u00f3n por la investigaci\u00f3n y desarrollo de nuevas tendencias, lo que le han llevado a ser un referente a nivel internacional en el mundo de las cocteler\u00eda y la gastronom\u00eda.<\/p>\n<p>Este exclusivo y elegante espacio ubicado en el piso cuatro de <em>Conrad San Luis Potos\u00ed<\/em>, es un emblem\u00e1tico y agradable punto de encuentro, creado por <strong>Javier de las Muelas<\/strong>, todo bajo un concepto cl\u00e1sico de gran dise\u00f1o, desde sus bandas sonoras contempor\u00e1neas que complementan el sabor de los cocteles, a la vez de ofrecer un ambiente \u00fanico y ecl\u00e9ctico.<\/p>\n<p>El bar est\u00e1 posicionado a nivel mundial entre los 50 mejores del mundo durante siete a\u00f1os consecutivos, r\u00e9cord de permanencia que le permite situarse como el cuarto mejor bar de la historia a nivel mundial y el primero en Europa, seg\u00fan la lista ponderada que publica la revista brit\u00e1nica <em>Drinks International,<\/em> que premia la constancia en la excelencia, adem\u00e1s de ser el tercer mejor bar de Ginebra del mundo.<\/p>\n<p>\u2730\u2730\u2730\u2730\u2730 Del 8 al 10 de septiembre, el Papa<strong> Francisco <\/strong>visitar\u00e1 Colombia<strong> y <\/strong>Avianca anunci\u00f3 que lo trasladar\u00e1 en sus viajes pastorales al interior de Colombia y finalmente a la Santa Sede, en Roma.<\/p>\n<p><strong>Hern\u00e1n Rinc\u00f3n<\/strong>, presidente y CEO de la aerol\u00ednea afirm\u00f3: \u201cpara todos los que trabajamos en Avianca es motivo de orgullo que nuestra compa\u00f1\u00eda haya sido seleccionada como la aerol\u00ednea oficial, por ello, la administraci\u00f3n, los miembros de la tripulaci\u00f3n y el personal de asistencia en tierra, nos estamos preparando con el objetivo de garantizar una experiencia de viaje inolvidable para el Santo Padre y su comitiva\u201d.<\/p>\n<p>Un equipo conformado por 68 tripulantes atender\u00e1 los vuelos programados en un <em>Airbus A320<\/em> al interior de Colombia, as\u00ed como en <em>Boeing 787 Dreamliner<\/em> en el trayecto de regreso Cartagena-Roma. El equipo incluye 38 oficiales (siete pilotos, 26 tripulantes de cabina, tres ingenieros de mantenimiento y dos de seguridad) y 30 profesionales de reserva (10 pilotos y 20 tripulantes de cabina).<\/p>\n<p>\u2730\u2730\u2730\u2730\u2730 <strong>Carlos Mendoza Davis<\/strong>, gobernador de Baja California, encabez\u00f3 la ceremonia de izamiento del distintivo <em>Blue Flag<\/em> otorgado a Marina Cortez en la capital del estado, donde asegur\u00f3: \u201cen el gobierno vemos al turismo como el motor que impulsa el desarrollo econ\u00f3mico y social de nuestra gente; y el \u00e9xito de esta importante actividad se lo debemos a los trabajadores, a nuestras bellezas naturales y en particular nuestro mar; por ello redoblamos los esfuerzos encaminados a consolidar a este sector; pero de manera sustentable cuidando y protegiendo al medio ambiente\u201d.<\/p>\n<p>Ante el alcalde de La Paz, <strong>Armando Mart\u00ednez<\/strong>, el subsecretario de Calidad y Regulaci\u00f3n de la Sectur, <strong>Salvador S\u00e1nchez<\/strong> y del coordinador de <em>Blue Flag<\/em> M\u00e9xico, <strong>Joaqu\u00edn D\u00edaz<\/strong>; el gobernador destac\u00f3 que el certificado internacional reconoce a las playas y marinas que han alcanzado la excelencia en calidad de agua, gesti\u00f3n y educaci\u00f3n ambiental; seguridad y servicios; cuenta con protocolos estandarizados y un estricto proceso de selecci\u00f3n, verificaci\u00f3n y seguimiento, ya que estos litorales son monitoreados peri\u00f3dicamente, a fin de verificar que contin\u00faen cumpliendo con las normas que exige este galard\u00f3n.<\/p>\n<p>Las playas que renuevan distintivo en Los Cabos son: Santamar\u00eda, El Chileno, Palmilla y Coromuel, en La Paz. En Acapulquito, El Corsario, Hacienda y Las Viudas, todas en Los Cabos, lo recibieron por primera vez.<\/p>\n<p>\u2730\u2730\u2730\u2730\u2730 Con la presencia del gobernador de Zacatecas, <strong>Alejandro Tello<\/strong>, la subsecretaria de Planeaci\u00f3n y Pol\u00edtica Tur\u00edstica de la Sectur Federal, <strong>Mar\u00eda Teresa Sol\u00eds Trejo<\/strong> y el secretario de Turismo de la entidad, <strong>Eduardo Ya<\/strong>rto, se inaugur\u00f3 la exposici\u00f3n dedicada a Zacatecas en Punto M\u00e9xico, espacio de promoci\u00f3n de la Secretar\u00eda de Turismo Federal.<\/p>\n<p>Esta muestra, integrada por elementos tur\u00edsticos, culturales, artesanales y econ\u00f3micos del estado, cuenta con la participaci\u00f3n de la Secretar\u00eda de Turismo, del Fideicomiso para la Promoci\u00f3n Tur\u00edstica de Zacatecas, de la Asociaci\u00f3n Mexicana de Hoteles y Moteles de Zacatecas, de la Secretar\u00eda de Econom\u00eda del Estado, a trav\u00e9s de la Subsecretar\u00eda de Desarrollo Artesanal y Agronegocios, as\u00ed como de la Vin\u00edcola Campo Real. El objetivo de esta instalaci\u00f3n es promover, comercializar y difundir algunos de los productos y servicios m\u00e1s representativos de Zacatecas.<\/p>\n<p>La exposici\u00f3n cerrar\u00e1 el pr\u00f3ximo 7 de septiembre, entre lunes y s\u00e1bado de 9:00 a 19:00 horas y domingos de 9:00 a 18:00 horas. Punto M\u00e9xico se ubica en calle Presidente Mazaryk No. 172 esq. Hegel, Col. Polanco, Deleg. Miguel Hidalgo.<\/p>\n<p>La experiencia \u201cZacatecas con todos tus sentidos\u201d se presenta con Sensorama los d\u00edas jueves, viernes y s\u00e1bados cada 30 minutos entre las 16:00 y 19:00 horas. Paralelamente, en alianza con el restaurante Talo, ubicado a unos pasos de Punto M\u00e9xico, los asistentes podr\u00e1n degustar durante esta temporada un men\u00fa zacatecano, dise\u00f1ado en conjunto con el espacio gastron\u00f3mico Doctrina (de Zacatecas), as\u00ed como degustaciones y eventos promocionales.<\/p>\n<p><em><a href=\"mailto:victoriagprado@gmail.com\" target=\"_blank\" rel=\"noopener noreferrer\">victoriagprado@gmail.com<\/a><\/em><br \/>\n<em> Twitter: <a href=\"https:\/\/twitter.com\/victoriagprado\" target=\"_blank\" rel=\"noopener noreferrer\">@victoriagprado<\/a><\/em><\/p>\n","protected":false},"excerpt":{"rendered":"<p>Una de las marcas de lujo de la cadena <em>Hilton,<\/em> <em>Conrad Hotels &amp; Resort<\/em>, anunci\u00f3 la apertura del primer <em>Dry Martini<\/em> de <strong>Javier de las Muelas,<\/strong> en M\u00e9xico, distinguido bar que ofrece a todos sus visitantes m\u00e1s de 150 cocteles cl\u00e1sicos revisados y reformulados bajo su marca, y en los que se refleja la pasi\u00f3n por la investigaci\u00f3n y desarrollo de nuevas tendencias, lo que le han llevado a ser un referente a nivel internacional en el mundo de las cocteler\u00eda y la gastronom\u00eda.<\/p>\n","protected":false},"author":3,"featured_media":339860,"comment_status":"open","ping_status":"open","sticky":false,"template":"","format":"standard","meta":{"_monsterinsights_skip_tracking":false,"_monsterinsights_sitenote_active":false,"_monsterinsights_sitenote_note":"","_monsterinsights_sitenote_category":0,"footnotes":""},"categories":[11],"tags":[107,43674,43681,106],"class_list":["post-339782","post","type-post","status-publish","format-standard","has-post-thumbnail","hentry","category-turismo","tag-de-cinco-estrellas","tag-opinion","tag-turismo","tag-victoria-gonzalez-prado"],"_links":{"self":[{"href":"https:\/\/www.diarioimagen.net\/index.php?rest_route=\/wp\/v2\/posts\/339782","targetHints":{"allow":["GET"]}}],"collection":[{"href":"https:\/\/www.diarioimagen.net\/index.php?rest_route=\/wp\/v2\/posts"}],"about":[{"href":"https:\/\/www.diarioimagen.net\/index.php?rest_route=\/wp\/v2\/types\/post"}],"author":[{"embeddable":true,"href":"https:\/\/www.diarioimagen.net\/index.php?rest_route=\/wp\/v2\/users\/3"}],"replies":[{"embeddable":true,"href":"https:\/\/www.diarioimagen.net\/index.php?rest_route=%2Fwp%2Fv2%2Fcomments&post=339782"}],"version-history":[{"count":0,"href":"https:\/\/www.diarioimagen.net\/index.php?rest_route=\/wp\/v2\/posts\/339782\/revisions"}],"wp:featuredmedia":[{"embeddable":true,"href":"https:\/\/www.diarioimagen.net\/index.php?rest_route=\/wp\/v2\/media\/339860"}],"wp:attachment":[{"href":"https:\/\/www.diarioimagen.net\/index.php?rest_route=%2Fwp%2Fv2%2Fmedia&parent=339782"}],"wp:term":[{"taxonomy":"category","embeddable":true,"href":"https:\/\/www.diarioimagen.net\/index.php?rest_route=%2Fwp%2Fv2%2Fcategories&post=339782"},{"taxonomy":"post_tag","embeddable":true,"href":"https:\/\/www.diarioimagen.net\/index.php?rest_route=%2Fwp%2Fv2%2Ftags&post=339782"}],"curies":[{"name":"wp","href":"https:\/\/api.w.org\/{rel}","templated":true}]}}