{"id":340000,"date":"2017-08-16T00:07:14","date_gmt":"2017-08-16T05:07:14","guid":{"rendered":"http:\/\/www.diarioimagen.net\/?p=340000"},"modified":"2017-08-16T04:38:19","modified_gmt":"2017-08-16T09:38:19","slug":"en-naucalpan-la-lectura-a-los-ninos-es-la-mejor-herramienta-para-educarlos","status":"publish","type":"post","link":"https:\/\/www.diarioimagen.net\/?p=340000","title":{"rendered":"En Naucalpan la lectura a los ni\u00f1os es la mejor herramienta para educarlos"},"content":{"rendered":"<ul>\n<li><strong><em>Clausura SUTEyM cursos de verano<\/em><\/strong><\/li>\n<\/ul>\n<p>&nbsp;<\/p>\n<div id=\"attachment_340073\" style=\"width: 470px\" class=\"wp-caption aligncenter\"><a href=\"http:\/\/www.diarioimagen.net\/?attachment_id=340073\" rel=\"attachment wp-att-340073\"><img loading=\"lazy\" decoding=\"async\" aria-describedby=\"caption-attachment-340073\" class=\"size-large wp-image-340073\" src=\"http:\/\/www.diarioimagen.net\/wp-content\/uploads\/2017\/08\/NAUCALPAN-3186-460x259.jpg\" alt=\"\" width=\"460\" height=\"259\" srcset=\"https:\/\/www.diarioimagen.net\/wp-content\/uploads\/2017\/08\/NAUCALPAN-3186-460x259.jpg 460w, https:\/\/www.diarioimagen.net\/wp-content\/uploads\/2017\/08\/NAUCALPAN-3186-240x135.jpg 240w, https:\/\/www.diarioimagen.net\/wp-content\/uploads\/2017\/08\/NAUCALPAN-3186-235x132.jpg 235w, https:\/\/www.diarioimagen.net\/wp-content\/uploads\/2017\/08\/NAUCALPAN-3186-202x114.jpg 202w, https:\/\/www.diarioimagen.net\/wp-content\/uploads\/2017\/08\/NAUCALPAN-3186-350x196.jpg 350w, https:\/\/www.diarioimagen.net\/wp-content\/uploads\/2017\/08\/NAUCALPAN-3186-220x123.jpg 220w, https:\/\/www.diarioimagen.net\/wp-content\/uploads\/2017\/08\/NAUCALPAN-3186-237x132.jpg 237w, https:\/\/www.diarioimagen.net\/wp-content\/uploads\/2017\/08\/NAUCALPAN-3186.jpg 480w\" sizes=\"auto, (max-width: 460px) 100vw, 460px\" \/><\/a><p id=\"caption-attachment-340073\" class=\"wp-caption-text\">Tom\u00e1s Palomares Parra, secretario general del SUTEyM el curso de verano en las bibliotecas que existen en el municipio.<\/p><\/div>\n<p>&nbsp;<\/p>\n<p><strong>Naucalpan, Estado de M\u00e9xico<\/strong>.- Las ni\u00f1as y los ni\u00f1os de hoy, deben tener y contar con las herramientas necesarias para forjar su futuro.<\/p>\n<p>Es por ello muy importante que todos \u00a0los pap\u00e1s estemos atentos \u00a0y observando a que nuestros hijos no est\u00e9n viendo en la televisi\u00f3n, internet o en alg\u00fan otro medio de comunicaci\u00f3n \u00a0programas que \u00a0afecten sus mentes. Hay que \u00a0estar enfocados a lo que mejor les conviene, que es el esparcimiento familiar y la lectura.<\/p>\n<p>Asegur\u00f3 en entrevista, Tom\u00e1s Palomares Parra, secretario general del Sindicato \u00danico de Trabajadores del Estado y sus Municipios (SUTEyM) al clausurar \u00a0(como se viene haciendo desde hace m\u00e1s de 20 a\u00f1os) el curso de verano en las bibliotecas que existen en el municipio, luego de que durante un ambiente sano y seguro \u00a0y luego de varios d\u00edas de juegos, din\u00e1micas, convivencia y m\u00faltiples actividades, el dirigente suteymista\u00a0 llev\u00f3 a cabo la clausura de los \u00a0cursos de verano 2017 en bibliotecas municipales.<\/p>\n<p>El curso de verano fue impartido a poco m\u00e1s de 500 peque\u00f1ines, todos hijos de trabajadores agremiados al SUTEyM secci\u00f3n Naucalpan en donde acompa\u00f1ados de sus pap\u00e1s y familiares, las actividades que se llevaron a cabo fue, entre otras cosas la de conocer c\u00f3mo est\u00e1 integrada una biblioteca, qu\u00e9 libros y autores hay en \u00e9stas, as\u00ed como la de desarrollar actividades y manualidades dentro de las mismas.<\/p>\n<p>Y es que. continu\u00f3 Palomares Parra, los hijos de los agremiados al SUTEyM\u00a0 realizaron\u00a0 divertidas actividades, exposiciones y un convivio, en donde mostraron su talento, luego de haber tenido la oportunidad de acudir por varios d\u00edas a las bibliotecas de la demarcaci\u00f3n, donde pudieron jugar y divertirse con el resto de sus compa\u00f1eros, donde adem\u00e1s \u00a0aprendieron a hacer varias manualidades, as\u00ed como clases de lectura y temas relacionados al cuidado del medio ambiente.<\/p>\n<p>El l\u00edder sindical destac\u00f3 que los cursos de verano en la biblioteca tuvieron una respuesta positiva entre las ni\u00f1as y ni\u00f1os, por lo que anunci\u00f3 que el pr\u00f3ximo a\u00f1o nuevamente se llevar\u00e1 a cabo esta actividad donde los ni\u00f1os se llevan no solo un aprendizaje, sino tambi\u00e9n una experiencia de vida.<\/p>\n<p>\u201cQuiero felicitar a las y los abuelitos, as\u00ed como a los padres de familia por ocuparse de sus hijos, que aunque est\u00e9n de vacaciones se dieron el tiempo para mandarlos a los cursos a seguir haciendo actividades art\u00edsticas, culturales, deportivas y eso, sin duda alguna, les sirve para seguir reforzando sus conocimientos\u201d, asever\u00f3.<\/p>\n","protected":false},"excerpt":{"rendered":"<p>Las ni\u00f1as y los ni\u00f1os de hoy, deben tener y contar con las herramientas necesarias para forjar su futuro.<\/p>\n","protected":false},"author":3,"featured_media":340073,"comment_status":"open","ping_status":"open","sticky":false,"template":"","format":"standard","meta":{"_monsterinsights_skip_tracking":false,"_monsterinsights_sitenote_active":false,"_monsterinsights_sitenote_note":"","_monsterinsights_sitenote_category":0,"footnotes":""},"categories":[35155],"tags":[43675,63289,25038,970],"class_list":["post-340000","post","type-post","status-publish","format-standard","has-post-thumbnail","hentry","category-estado-de-mexico-estado-de-mexico","tag-estado-de-mexico","tag-herramienta","tag-lectura","tag-naucalpan"],"_links":{"self":[{"href":"https:\/\/www.diarioimagen.net\/index.php?rest_route=\/wp\/v2\/posts\/340000","targetHints":{"allow":["GET"]}}],"collection":[{"href":"https:\/\/www.diarioimagen.net\/index.php?rest_route=\/wp\/v2\/posts"}],"about":[{"href":"https:\/\/www.diarioimagen.net\/index.php?rest_route=\/wp\/v2\/types\/post"}],"author":[{"embeddable":true,"href":"https:\/\/www.diarioimagen.net\/index.php?rest_route=\/wp\/v2\/users\/3"}],"replies":[{"embeddable":true,"href":"https:\/\/www.diarioimagen.net\/index.php?rest_route=%2Fwp%2Fv2%2Fcomments&post=340000"}],"version-history":[{"count":0,"href":"https:\/\/www.diarioimagen.net\/index.php?rest_route=\/wp\/v2\/posts\/340000\/revisions"}],"wp:featuredmedia":[{"embeddable":true,"href":"https:\/\/www.diarioimagen.net\/index.php?rest_route=\/wp\/v2\/media\/340073"}],"wp:attachment":[{"href":"https:\/\/www.diarioimagen.net\/index.php?rest_route=%2Fwp%2Fv2%2Fmedia&parent=340000"}],"wp:term":[{"taxonomy":"category","embeddable":true,"href":"https:\/\/www.diarioimagen.net\/index.php?rest_route=%2Fwp%2Fv2%2Fcategories&post=340000"},{"taxonomy":"post_tag","embeddable":true,"href":"https:\/\/www.diarioimagen.net\/index.php?rest_route=%2Fwp%2Fv2%2Ftags&post=340000"}],"curies":[{"name":"wp","href":"https:\/\/api.w.org\/{rel}","templated":true}]}}