{"id":340134,"date":"2017-08-17T00:14:11","date_gmt":"2017-08-17T05:14:11","guid":{"rendered":"http:\/\/www.diarioimagen.net\/?p=340134"},"modified":"2017-08-17T01:28:21","modified_gmt":"2017-08-17T06:28:21","slug":"dan-formal-prision-a-el-sigi-sigi-integrante-del-cartel-de-tlahuac","status":"publish","type":"post","link":"https:\/\/www.diarioimagen.net\/?p=340134","title":{"rendered":"Dan formal prisi\u00f3n a \u201cEl Sigi Sigi\u201d, integrante del C\u00e1rtel de Tl\u00e1huac"},"content":{"rendered":"<ul>\n<li><em><strong>Brazo derecho del sucesor de \u201cEl Ojos\u201d<\/strong><\/em><\/li>\n<\/ul>\n<p>&nbsp;<\/p>\n<div id=\"attachment_340135\" style=\"width: 470px\" class=\"wp-caption aligncenter\"><img loading=\"lazy\" decoding=\"async\" aria-describedby=\"caption-attachment-340135\" class=\"size-large wp-image-340135\" src=\"http:\/\/www.diarioimagen.net\/wp-content\/uploads\/2017\/08\/OJOS17-portal-460x268.jpg\" alt=\"\" width=\"460\" height=\"268\" srcset=\"https:\/\/www.diarioimagen.net\/wp-content\/uploads\/2017\/08\/OJOS17-portal-460x268.jpg 460w, https:\/\/www.diarioimagen.net\/wp-content\/uploads\/2017\/08\/OJOS17-portal-240x140.jpg 240w, https:\/\/www.diarioimagen.net\/wp-content\/uploads\/2017\/08\/OJOS17-portal.jpg 480w\" sizes=\"auto, (max-width: 460px) 100vw, 460px\" \/><p id=\"caption-attachment-340135\" class=\"wp-caption-text\">Sigifredo, El \u201cSigi Sigi\u201d presum\u00eda fotograf\u00edas con Miguel \u00c1ngel P\u00e9rez Ram\u00edrez \u00abEl Mickey\u00bb, hijo de \u00abEl Ojos\u00bb, abatido por la Marina en julio pasado.<\/p><\/div>\n<p>&nbsp;<\/p>\n<p>El Tribunal Superior de Justicia de la Ciudad de M\u00e9xico (TSJCDMX) inform\u00f3 que la titular del Juzgado 26 Penal, con sede en el Reclusorio Preventivo Varonil Oriente, dict\u00f3 auto de formal prisi\u00f3n a Sigifredo \u201cN\u201d, \u201cEl Sigi Sigi\u201d, brazo derecho del sucesor de Felipe de Jes\u00fas P\u00e9rez Luna \u00abEl Ojos\u00bb, por el delito de homicidio calificado.<\/p>\n<p>Este sujeto est\u00e1 acusado de participar en el asesinato de un ex comandante de la Fiscal\u00eda del Estado de M\u00e9xico, en 2016.<\/p>\n<p>El sospechoso fue arrestado por agentes de Investigaci\u00f3n en la Colonia La Conchita, por presuntamente estar relacionado con el narcomenudeo.<\/p>\n<p>\u00abEl Sigi Sigi\u00bb, seg\u00fan las pesquisas, era el colaborador m\u00e1s cercano de Carlos Alejandro Mendoza Sandoval \u00abEl Cindy\u00bb, cu\u00f1ado de \u00abEl Ojos\u00bb y quien tom\u00f3 las riendas del C\u00e1rtel de Tl\u00e1huac.<\/p>\n<p>En sus redes sociales, Sigifredo presum\u00eda fotograf\u00edas con Miguel \u00c1ngel P\u00e9rez Ram\u00edrez \u00abEl Mickey\u00bb, hijo de \u00abEl Ojos\u00bb, y bajo proceso penal por el mismo homicidio.<\/p>\n<p>Hasta ahora, el sujeto se ha reservado su derecho a declarar, tanto en el Ministerio P\u00fablico como con el Juez.<\/p>\n","protected":false},"excerpt":{"rendered":"<p>El Tribunal Superior de Justicia de la Ciudad de M\u00e9xico (TSJCDMX) inform\u00f3 que la titular del Juzgado 26 Penal, con sede en el Reclusorio Preventivo Varonil Oriente, dict\u00f3 auto de formal prisi\u00f3n a Sigifredo \u201cN\u201d, \u201cEl Sigi Sigi\u201d, brazo derecho del sucesor de Felipe de Jes\u00fas P\u00e9rez Luna \u00abEl Ojos\u00bb, por el delito de homicidio calificado.<\/p>\n","protected":false},"author":5,"featured_media":340135,"comment_status":"open","ping_status":"open","sticky":false,"template":"","format":"standard","meta":{"_monsterinsights_skip_tracking":false,"_monsterinsights_sitenote_active":false,"_monsterinsights_sitenote_note":"","_monsterinsights_sitenote_category":0,"footnotes":""},"categories":[7],"tags":[64354,63373,64355,43677,63196,64353],"class_list":["post-340134","post","type-post","status-publish","format-standard","has-post-thumbnail","hentry","category-seguridad","tag-arlos-alejandro-mendoza-sandoval-el-cindy","tag-cartel-de-tlahuac","tag-miguel-angel-perez-ramirez-el-mickey","tag-seguridad","tag-el-ojos","tag-el-sigi-sigi"],"_links":{"self":[{"href":"https:\/\/www.diarioimagen.net\/index.php?rest_route=\/wp\/v2\/posts\/340134","targetHints":{"allow":["GET"]}}],"collection":[{"href":"https:\/\/www.diarioimagen.net\/index.php?rest_route=\/wp\/v2\/posts"}],"about":[{"href":"https:\/\/www.diarioimagen.net\/index.php?rest_route=\/wp\/v2\/types\/post"}],"author":[{"embeddable":true,"href":"https:\/\/www.diarioimagen.net\/index.php?rest_route=\/wp\/v2\/users\/5"}],"replies":[{"embeddable":true,"href":"https:\/\/www.diarioimagen.net\/index.php?rest_route=%2Fwp%2Fv2%2Fcomments&post=340134"}],"version-history":[{"count":0,"href":"https:\/\/www.diarioimagen.net\/index.php?rest_route=\/wp\/v2\/posts\/340134\/revisions"}],"wp:featuredmedia":[{"embeddable":true,"href":"https:\/\/www.diarioimagen.net\/index.php?rest_route=\/wp\/v2\/media\/340135"}],"wp:attachment":[{"href":"https:\/\/www.diarioimagen.net\/index.php?rest_route=%2Fwp%2Fv2%2Fmedia&parent=340134"}],"wp:term":[{"taxonomy":"category","embeddable":true,"href":"https:\/\/www.diarioimagen.net\/index.php?rest_route=%2Fwp%2Fv2%2Fcategories&post=340134"},{"taxonomy":"post_tag","embeddable":true,"href":"https:\/\/www.diarioimagen.net\/index.php?rest_route=%2Fwp%2Fv2%2Ftags&post=340134"}],"curies":[{"name":"wp","href":"https:\/\/api.w.org\/{rel}","templated":true}]}}