{"id":340388,"date":"2017-08-18T00:05:47","date_gmt":"2017-08-18T05:05:47","guid":{"rendered":"http:\/\/www.diarioimagen.net\/?p=340388"},"modified":"2017-08-20T22:33:54","modified_gmt":"2017-08-21T03:33:54","slug":"cndh-brinda-asesoria-al-periodista-hector-de-mauleon-ante-amenazas-de-muerte","status":"publish","type":"post","link":"https:\/\/www.diarioimagen.net\/?p=340388","title":{"rendered":"CNDH brinda asesor\u00eda al periodista H\u00e9ctor de Maule\u00f3n ante amenazas de muerte"},"content":{"rendered":"<p><a href=\"http:\/\/www.diarioimagen.net\/?attachment_id=340506\" rel=\"attachment wp-att-340506\"><img loading=\"lazy\" decoding=\"async\" class=\"aligncenter size-large wp-image-340506\" src=\"http:\/\/www.diarioimagen.net\/wp-content\/uploads\/2017\/08\/cndh-3188-460x259.jpg\" alt=\"\" width=\"460\" height=\"259\" srcset=\"https:\/\/www.diarioimagen.net\/wp-content\/uploads\/2017\/08\/cndh-3188-460x259.jpg 460w, https:\/\/www.diarioimagen.net\/wp-content\/uploads\/2017\/08\/cndh-3188-240x135.jpg 240w, https:\/\/www.diarioimagen.net\/wp-content\/uploads\/2017\/08\/cndh-3188-235x132.jpg 235w, https:\/\/www.diarioimagen.net\/wp-content\/uploads\/2017\/08\/cndh-3188-202x114.jpg 202w, https:\/\/www.diarioimagen.net\/wp-content\/uploads\/2017\/08\/cndh-3188-350x196.jpg 350w, https:\/\/www.diarioimagen.net\/wp-content\/uploads\/2017\/08\/cndh-3188-220x123.jpg 220w, https:\/\/www.diarioimagen.net\/wp-content\/uploads\/2017\/08\/cndh-3188-237x132.jpg 237w, https:\/\/www.diarioimagen.net\/wp-content\/uploads\/2017\/08\/cndh-3188.jpg 480w\" sizes=\"auto, (max-width: 460px) 100vw, 460px\" \/><\/a><\/p>\n<p>&nbsp;<\/p>\n<p>La Comisi\u00f3n Nacional de los Derechos Humanos (CNDH) ofreci\u00f3 asesor\u00eda y acompa\u00f1amiento al periodista H\u00e9ctor de Maule\u00f3n, despu\u00e9s de conocer la reciente amenaza que recibi\u00f3 a trav\u00e9s de las redes sociales.<\/p>\n<p>El organismo inform\u00f3 que desde el momento mismo en que supo de esos hechos, estableci\u00f3 comunicaci\u00f3n con el profesionista, a quien expres\u00f3 su solidaridad y destac\u00f3 que las amenazas de agresiones f\u00edsicas contra ese sector a trav\u00e9s de las redes sociales se suman a otras acciones que coartan la libertad de expresi\u00f3n.<\/p>\n<p>El organismo hizo hincapi\u00e9 en que todas las vidas son igual de valiosas y todos los hechos delictivos deben ser investigados y sancionados conforme a derecho, sin importar para ello la ocupaci\u00f3n o actividad profesional de quienes son v\u00edctimas de los mismos. Ante ello, llam\u00f3 a las autoridades de procuraci\u00f3n de justicia a dar con los responsables y llevarlos ante la justicia.<\/p>\n","protected":false},"excerpt":{"rendered":"<p>La Comisi\u00f3n Nacional de los Derechos Humanos (CNDH) ofreci\u00f3 asesor\u00eda y acompa\u00f1amiento al periodista H\u00e9ctor de Maule\u00f3n, despu\u00e9s de conocer la reciente amenaza que recibi\u00f3 a trav\u00e9s de las redes sociales.<\/p>\n","protected":false},"author":3,"featured_media":340506,"comment_status":"open","ping_status":"open","sticky":false,"template":"","format":"standard","meta":{"_monsterinsights_skip_tracking":false,"_monsterinsights_sitenote_active":false,"_monsterinsights_sitenote_note":"","_monsterinsights_sitenote_category":0,"footnotes":""},"categories":[3],"tags":[64425,1629,64426],"class_list":["post-340388","post","type-post","status-publish","format-standard","has-post-thumbnail","hentry","category-nacional","tag-amenaza-de-muerte","tag-comision-nacional-de-los-derechos-humanos","tag-hector-de-mauleon"],"_links":{"self":[{"href":"https:\/\/www.diarioimagen.net\/index.php?rest_route=\/wp\/v2\/posts\/340388","targetHints":{"allow":["GET"]}}],"collection":[{"href":"https:\/\/www.diarioimagen.net\/index.php?rest_route=\/wp\/v2\/posts"}],"about":[{"href":"https:\/\/www.diarioimagen.net\/index.php?rest_route=\/wp\/v2\/types\/post"}],"author":[{"embeddable":true,"href":"https:\/\/www.diarioimagen.net\/index.php?rest_route=\/wp\/v2\/users\/3"}],"replies":[{"embeddable":true,"href":"https:\/\/www.diarioimagen.net\/index.php?rest_route=%2Fwp%2Fv2%2Fcomments&post=340388"}],"version-history":[{"count":0,"href":"https:\/\/www.diarioimagen.net\/index.php?rest_route=\/wp\/v2\/posts\/340388\/revisions"}],"wp:featuredmedia":[{"embeddable":true,"href":"https:\/\/www.diarioimagen.net\/index.php?rest_route=\/wp\/v2\/media\/340506"}],"wp:attachment":[{"href":"https:\/\/www.diarioimagen.net\/index.php?rest_route=%2Fwp%2Fv2%2Fmedia&parent=340388"}],"wp:term":[{"taxonomy":"category","embeddable":true,"href":"https:\/\/www.diarioimagen.net\/index.php?rest_route=%2Fwp%2Fv2%2Fcategories&post=340388"},{"taxonomy":"post_tag","embeddable":true,"href":"https:\/\/www.diarioimagen.net\/index.php?rest_route=%2Fwp%2Fv2%2Ftags&post=340388"}],"curies":[{"name":"wp","href":"https:\/\/api.w.org\/{rel}","templated":true}]}}