{"id":340409,"date":"2017-08-18T00:03:30","date_gmt":"2017-08-18T05:03:30","guid":{"rendered":"http:\/\/www.diarioimagen.net\/?p=340409"},"modified":"2017-08-18T06:03:57","modified_gmt":"2017-08-18T11:03:57","slug":"ponen-en-marcha-en-metepec-programa-de-rehabilitacion-de-cancer","status":"publish","type":"post","link":"https:\/\/www.diarioimagen.net\/?p=340409","title":{"rendered":"Ponen en marcha en Metepec programa de rehabilitaci\u00f3n de c\u00e1ncer"},"content":{"rendered":"<div id=\"attachment_340495\" style=\"width: 470px\" class=\"wp-caption aligncenter\"><a href=\"http:\/\/www.diarioimagen.net\/?attachment_id=340495\" rel=\"attachment wp-att-340495\"><img loading=\"lazy\" decoding=\"async\" aria-describedby=\"caption-attachment-340495\" class=\"size-large wp-image-340495\" src=\"http:\/\/www.diarioimagen.net\/wp-content\/uploads\/2017\/08\/METEPEC-3188-460x259.jpg\" alt=\"\" width=\"460\" height=\"259\" srcset=\"https:\/\/www.diarioimagen.net\/wp-content\/uploads\/2017\/08\/METEPEC-3188-460x259.jpg 460w, https:\/\/www.diarioimagen.net\/wp-content\/uploads\/2017\/08\/METEPEC-3188-240x135.jpg 240w, https:\/\/www.diarioimagen.net\/wp-content\/uploads\/2017\/08\/METEPEC-3188-235x132.jpg 235w, https:\/\/www.diarioimagen.net\/wp-content\/uploads\/2017\/08\/METEPEC-3188-202x114.jpg 202w, https:\/\/www.diarioimagen.net\/wp-content\/uploads\/2017\/08\/METEPEC-3188-350x196.jpg 350w, https:\/\/www.diarioimagen.net\/wp-content\/uploads\/2017\/08\/METEPEC-3188-220x123.jpg 220w, https:\/\/www.diarioimagen.net\/wp-content\/uploads\/2017\/08\/METEPEC-3188-237x132.jpg 237w, https:\/\/www.diarioimagen.net\/wp-content\/uploads\/2017\/08\/METEPEC-3188.jpg 480w\" sizes=\"auto, (max-width: 460px) 100vw, 460px\" \/><\/a><p id=\"caption-attachment-340495\" class=\"wp-caption-text\">Entregaron m\u00e1s de 300 t\u00edtulos de propiedad a familias de Coatepec Harinas, Malinalco, Ixtapan de la Sal, Tenancingo, Tonatico, Villa Guerrero y Zacualpan.<\/p><\/div>\n<p>&nbsp;<\/p>\n<p><strong>Metepec, Estado de M\u00e9xico<\/strong>.-\u00a0El programa de rehabilitaci\u00f3n para el tratamiento de linfedema, \u201cCarril Rosa\u201d -primero en la entidad- fue puesto en marcha por autoridades de Metepec en el Multideportivo de la Unidad Habitacional San Jos\u00e9 La Pila de este municipio.<\/p>\n<p>Con la asistencia de la directora general del DIF Nacional, Laura Barrera Fortoul, el alcalde David L\u00f3pez C\u00e1rdenas, destac\u00f3 la atenci\u00f3n que brinda el municipio a trav\u00e9s del DIF local para trabajar en la prevenci\u00f3n y detecci\u00f3n oportuna del c\u00e1ncer.<\/p>\n<p>Se\u00f1al\u00f3 que el programa \u201cCarril Rosa\u201d, ayudar\u00e1 a mejorar la calidad de vida de personas con padecimiento de linfedema en las extremidades superiores del cuerpo, mediante sesiones gratuitas de terapia f\u00edsica acu\u00e1tica impartidas por especialistas, ocupando un carril exclusivo de la alberca del deportivo \u201cMar\u00eda del Carmen Pe\u00f1a\u201d.<\/p>\n","protected":false},"excerpt":{"rendered":"<p>El programa de rehabilitaci\u00f3n para el tratamiento de linfedema, \u201cCarril Rosa\u201d -primero en la entidad- fue puesto en marcha por autoridades de Metepec en el Multideportivo de la Unidad Habitacional San Jos\u00e9 La Pila de este municipio.<\/p>\n","protected":false},"author":3,"featured_media":340495,"comment_status":"open","ping_status":"open","sticky":false,"template":"","format":"standard","meta":{"_monsterinsights_skip_tracking":false,"_monsterinsights_sitenote_active":false,"_monsterinsights_sitenote_note":"","_monsterinsights_sitenote_category":0,"footnotes":""},"categories":[35155],"tags":[1466,43675,876,8519],"class_list":["post-340409","post","type-post","status-publish","format-standard","has-post-thumbnail","hentry","category-estado-de-mexico-estado-de-mexico","tag-cancer","tag-estado-de-mexico","tag-metepec","tag-rehabilitacion"],"_links":{"self":[{"href":"https:\/\/www.diarioimagen.net\/index.php?rest_route=\/wp\/v2\/posts\/340409","targetHints":{"allow":["GET"]}}],"collection":[{"href":"https:\/\/www.diarioimagen.net\/index.php?rest_route=\/wp\/v2\/posts"}],"about":[{"href":"https:\/\/www.diarioimagen.net\/index.php?rest_route=\/wp\/v2\/types\/post"}],"author":[{"embeddable":true,"href":"https:\/\/www.diarioimagen.net\/index.php?rest_route=\/wp\/v2\/users\/3"}],"replies":[{"embeddable":true,"href":"https:\/\/www.diarioimagen.net\/index.php?rest_route=%2Fwp%2Fv2%2Fcomments&post=340409"}],"version-history":[{"count":0,"href":"https:\/\/www.diarioimagen.net\/index.php?rest_route=\/wp\/v2\/posts\/340409\/revisions"}],"wp:featuredmedia":[{"embeddable":true,"href":"https:\/\/www.diarioimagen.net\/index.php?rest_route=\/wp\/v2\/media\/340495"}],"wp:attachment":[{"href":"https:\/\/www.diarioimagen.net\/index.php?rest_route=%2Fwp%2Fv2%2Fmedia&parent=340409"}],"wp:term":[{"taxonomy":"category","embeddable":true,"href":"https:\/\/www.diarioimagen.net\/index.php?rest_route=%2Fwp%2Fv2%2Fcategories&post=340409"},{"taxonomy":"post_tag","embeddable":true,"href":"https:\/\/www.diarioimagen.net\/index.php?rest_route=%2Fwp%2Fv2%2Ftags&post=340409"}],"curies":[{"name":"wp","href":"https:\/\/api.w.org\/{rel}","templated":true}]}}