{"id":340637,"date":"2017-08-21T00:07:04","date_gmt":"2017-08-21T05:07:04","guid":{"rendered":"http:\/\/www.diarioimagen.net\/?p=340637"},"modified":"2017-08-21T00:41:22","modified_gmt":"2017-08-21T05:41:22","slug":"las-habilidades-de-videgaray","status":"publish","type":"post","link":"https:\/\/www.diarioimagen.net\/?p=340637","title":{"rendered":"Las habilidades de Videgaray"},"content":{"rendered":"<h2>Detr\u00e1s del Poder<\/h2>\n<h5>Jos\u00e9 Antonio L\u00f3pez Sosa<\/h5>\n<p>&nbsp;<\/p>\n<p>Ha sido muy h\u00e1bil el canciller Luis Videgaray, lamentablemente no para beneficio del pa\u00eds, sino para el propio.<\/p>\n<p>Dos esc\u00e1ndalos le han rodeado a lo largo de esta administraci\u00f3n, primero la casa de Malinalco, hecho que igual que otros esc\u00e1ndalos, qued\u00f3 poco claro y al final, los malos son los que investigan y no los que abusan.<\/p>\n<p>El segundo, la visita del entonces candidato Trump a Los Pinos, hecho que le cost\u00f3 el puesto como Secretario de Hacienda (n\u00f3tese la escala de valor de este gobierno: lo quitaron por un error pol\u00edtico y no por una sospecha de corrupci\u00f3n, esa es la l\u00f3gica del nuevo PRI).<\/p>\n<p>La habilidad radica en que, al ganar Donald Trump pareciera que fue acierto y no error haberlo tra\u00eddo a Los Pinos y, se le premi\u00f3 con la canciller\u00eda a\u00fan cuando \u00e9l mismo asegur\u00f3 que lleg\u00f3 para aprender.<\/p>\n<p>En segundo lugar, porque ya nadie habla o recuerda el esc\u00e1ndalo de la casa de Malinalco. Videgaray ha sabido enfocar y publicitar su labor con hechos como el Tratado de Libre Comercio, la crisis en Venezuela (a\u00fan cuando fue un error t\u00e1ctico haber tra\u00eddo la cumbre de la OEA a Canc\u00fan), en fin, hoy d\u00eda pareciera un pol\u00edtico comprometido con el pa\u00eds, cuando al final del d\u00eda con quien ha demostrado estar comprometido es consigo mismo y su carrera pol\u00edtica.<\/p>\n<p>Esta puede ser una escueta s\u00edntesis de c\u00f3mo opera el sistema pol\u00edtico mexicano en pleno Siglo XXI.<\/p>\n<p>Abierta la competencia por Alberta<\/p>\n<p>En el \u00e1mbito tur\u00edstico, el pr\u00f3ximo mi\u00e9rcoles cierra la licitaci\u00f3n para representar tur\u00edsticamente a la provincia de Alberta, Canad\u00e1, a nivel mercadotecnia y relaciones p\u00fablicas en M\u00e9xico.<\/p>\n<p>Sin lugar a duda se trata de un proceso interesante porque, a diferencia de lo que ocurre en nuestro pa\u00eds, las licitaciones canadienses suelen ser con estricto apego sus propias normas.<\/p>\n<p>El 15 de septiembre dar\u00e1n a conocer la empresa ganadora. Hay varias empresas concursando y hasta el m\u00edercoles se pueden presentar candidaturas. En esta columna tenemos conocimiento de los participantes, la competencia estar\u00e1 buena.<\/p>\n<p><em><a href=\"http:\/\/www.lopezsosa.com\" target=\"_blank\" rel=\"noopener noreferrer\">www.lopezsosa.com<\/a><br \/>\n<a href=\"mailto:joseantonio@lopezsosa.com\" target=\"_blank\" rel=\"noopener noreferrer\">joseantonio@lopezsosa.com<\/a><br \/>\n<a href=\"http:\/\/twitter.com\/joseantonio1977\" target=\"_blank\" rel=\"noopener noreferrer\">@joseantonio1977<\/a><\/em><\/p>\n","protected":false},"excerpt":{"rendered":"<p><span style=\"color: #005497;\"><strong>Jos\u00e9 Antonio L\u00f3pez Sosa<\/strong><\/span><\/p>\n","protected":false},"author":3,"featured_media":0,"comment_status":"open","ping_status":"open","sticky":false,"template":"","format":"standard","meta":{"_monsterinsights_skip_tracking":false,"_monsterinsights_sitenote_active":false,"_monsterinsights_sitenote_note":"","_monsterinsights_sitenote_category":0,"footnotes":""},"categories":[637],"tags":[638,43690,43674],"class_list":["post-340637","post","type-post","status-publish","format-standard","hentry","category-jose-antonio-lopez-sosa","tag-detras-del-poder","tag-jose-antonio-lopez-sosa","tag-opinion"],"_links":{"self":[{"href":"https:\/\/www.diarioimagen.net\/index.php?rest_route=\/wp\/v2\/posts\/340637","targetHints":{"allow":["GET"]}}],"collection":[{"href":"https:\/\/www.diarioimagen.net\/index.php?rest_route=\/wp\/v2\/posts"}],"about":[{"href":"https:\/\/www.diarioimagen.net\/index.php?rest_route=\/wp\/v2\/types\/post"}],"author":[{"embeddable":true,"href":"https:\/\/www.diarioimagen.net\/index.php?rest_route=\/wp\/v2\/users\/3"}],"replies":[{"embeddable":true,"href":"https:\/\/www.diarioimagen.net\/index.php?rest_route=%2Fwp%2Fv2%2Fcomments&post=340637"}],"version-history":[{"count":0,"href":"https:\/\/www.diarioimagen.net\/index.php?rest_route=\/wp\/v2\/posts\/340637\/revisions"}],"wp:attachment":[{"href":"https:\/\/www.diarioimagen.net\/index.php?rest_route=%2Fwp%2Fv2%2Fmedia&parent=340637"}],"wp:term":[{"taxonomy":"category","embeddable":true,"href":"https:\/\/www.diarioimagen.net\/index.php?rest_route=%2Fwp%2Fv2%2Fcategories&post=340637"},{"taxonomy":"post_tag","embeddable":true,"href":"https:\/\/www.diarioimagen.net\/index.php?rest_route=%2Fwp%2Fv2%2Ftags&post=340637"}],"curies":[{"name":"wp","href":"https:\/\/api.w.org\/{rel}","templated":true}]}}