{"id":340849,"date":"2017-08-22T00:01:19","date_gmt":"2017-08-22T05:01:19","guid":{"rendered":"http:\/\/www.diarioimagen.net\/?p=340849"},"modified":"2017-08-22T02:37:59","modified_gmt":"2017-08-22T07:37:59","slug":"lacras-de-la-democracia","status":"publish","type":"post","link":"https:\/\/www.diarioimagen.net\/?p=340849","title":{"rendered":"Lacras de la democracia"},"content":{"rendered":"<h2>De pe a pa<\/h2>\n<h5>Alberto Vieyra G.<\/h5>\n<p>&nbsp;<\/p>\n<p>Los partidos pol\u00edticos en M\u00e9xico se han convertido en lacras sociales o lacras de la democracia.<\/p>\n<p>Esa partidocracia es un barril sin fondo que crucifica a los mexicanos.<\/p>\n<p>Para el a\u00f1o 2018, el \u00e1rbitro electoral de M\u00e9xico, el muy venido a menos, INE, aprob\u00f3 otorgar casi 7 mil millones de pesos para ser repartidos entre la partidocracia, bajo la tir\u00e1nica mentira de evitar sobornos provenientes del \u201ccrimen organizado o grupos econ\u00f3micos particulares\u201d.<\/p>\n<p>Los consejeros del INE, que tienen los sueldos m\u00e1s altos de M\u00e9xico, pues ganan m\u00e1s de medio mill\u00f3n de pesos al mes por no hacer nada, est\u00e1n como operados del cerebro. Ellos mismos saben que los partidos pol\u00edticos y sus candidatos a puestos de elecci\u00f3n popular, reciben dinero de la ubre presupuestal y dinero del crimen organizado y tambi\u00e9n del desorganizado.<\/p>\n<p>\u00bfEjemplos? Uff. Hay hasta pa\u2019aventar pa\u2019 arriba. Baste mencionar la campa\u00f1a electoral foxiana, en la que entr\u00f3 dinero sucio hasta de gringolandia, teniendo como protagonista al hoy morenista, Lino Korrodi, o en la de Pe\u00f1a Nieto, donde un grupo empresarial le entr\u00f3 con su cuerno, y presumiblemente, tambi\u00e9n la corrupta empresa brasile\u00f1a, Odebrecht, que se presume pag\u00f3 en propinas dicen ellos, sobornos, decimos nosotros, m\u00e1s de 10 millones de d\u00f3lares.<\/p>\n<p>Seis mil 788 millones 900 mil 16 pesos, ser\u00e1 el monto total que casi rasgu\u00f1a los 7 mil millones de pesos y que derrochar\u00e1n esas lacras sociales en el 2018. Es una groser\u00eda que ofende y ultraja la dignidad del pobre pueblo de M\u00e9xico, que vive a pan y agua con salarios miserables, mientras la llamada industria \u201cchinchimeneas\u201d de la pol\u00edtica, vive en la opulencia.<\/p>\n<p>\u00bfC\u00f3mo evitar\u00e1 el INE que entre dinero sucio a los partidos y las campa\u00f1as electorales de los candidatos? El dinero sucio seguir\u00e1 entrando a la partidocracia, haya o no haya leyes, pues la econom\u00eda neoliberal, que el Papa Francisco llama \u2018la econom\u00eda de la muerte\u2019, ha llevado al mundo a la depravaci\u00f3n moral.<\/p>\n<p>\u00bfQu\u00e9 van a legislar? \u00bfQu\u00e9 van a revolcar la gata, para que todo cambie y todo siga igual, y dentro de tres a\u00f1os nos salgan con que la legislaci\u00f3n fue letra muerta, o que los \u201chacedores de la democracia\u201d se la pasaron por el arco del triunfo? No, se\u00f1ores. Ya basta de derrochar nuestros dineros p\u00fablicos. Que esas lacras sociales se rasquen con sus propias u\u00f1as y hagan pol\u00edtica con saliva y no con nuestros impuestos. As\u00ed hasta mi abuelita ser\u00eda pol\u00edtica y andar\u00eda en bicicleta.<\/p>\n<p>\u00bfQu\u00e9 se podr\u00eda hacer con 7 mil millones de pesos? Se podr\u00edan construir cuando menos 50 hospitales en la Rep\u00fablica Mexicana, perfectamente equipados y con personal ajeno a la mafia de la bata blanca.<\/p>\n<p>Compatriotas, es hora de poner fin a esa tiran\u00eda democr\u00e1tica. Me pregunto, \u00bfqu\u00e9 pasar\u00eda si todo M\u00e9xico se abstiene de votar en el 2018? Se les acabar\u00eda la <em>pachocha<\/em> a esas lacras de la democracia.<\/p>\n<p><a href=\"mailto:%20%20info@agenciamn.com\" target=\"_blank\" rel=\"noopener noreferrer\"><em>info@agenciamn.com<\/em><\/a><\/p>\n","protected":false},"excerpt":{"rendered":"<p><span><span style=\"color: #005497;\"><strong>Alberto Vieyra G.<\/strong><\/span><\/span><\/p>\n","protected":false},"author":3,"featured_media":0,"comment_status":"open","ping_status":"open","sticky":false,"template":"","format":"standard","meta":{"_monsterinsights_skip_tracking":false,"_monsterinsights_sitenote_active":false,"_monsterinsights_sitenote_note":"","_monsterinsights_sitenote_category":0,"footnotes":""},"categories":[4596],"tags":[56697,43674,56698],"class_list":["post-340849","post","type-post","status-publish","format-standard","hentry","category-alberto-vieyra-g","tag-de-pe-a-pa-alberto","tag-opinion","tag-vieyra-g"],"_links":{"self":[{"href":"https:\/\/www.diarioimagen.net\/index.php?rest_route=\/wp\/v2\/posts\/340849","targetHints":{"allow":["GET"]}}],"collection":[{"href":"https:\/\/www.diarioimagen.net\/index.php?rest_route=\/wp\/v2\/posts"}],"about":[{"href":"https:\/\/www.diarioimagen.net\/index.php?rest_route=\/wp\/v2\/types\/post"}],"author":[{"embeddable":true,"href":"https:\/\/www.diarioimagen.net\/index.php?rest_route=\/wp\/v2\/users\/3"}],"replies":[{"embeddable":true,"href":"https:\/\/www.diarioimagen.net\/index.php?rest_route=%2Fwp%2Fv2%2Fcomments&post=340849"}],"version-history":[{"count":0,"href":"https:\/\/www.diarioimagen.net\/index.php?rest_route=\/wp\/v2\/posts\/340849\/revisions"}],"wp:attachment":[{"href":"https:\/\/www.diarioimagen.net\/index.php?rest_route=%2Fwp%2Fv2%2Fmedia&parent=340849"}],"wp:term":[{"taxonomy":"category","embeddable":true,"href":"https:\/\/www.diarioimagen.net\/index.php?rest_route=%2Fwp%2Fv2%2Fcategories&post=340849"},{"taxonomy":"post_tag","embeddable":true,"href":"https:\/\/www.diarioimagen.net\/index.php?rest_route=%2Fwp%2Fv2%2Ftags&post=340849"}],"curies":[{"name":"wp","href":"https:\/\/api.w.org\/{rel}","templated":true}]}}