{"id":341020,"date":"2017-08-23T00:03:57","date_gmt":"2017-08-23T05:03:57","guid":{"rendered":"http:\/\/www.diarioimagen.net\/?p=341020"},"modified":"2017-08-23T04:20:16","modified_gmt":"2017-08-23T09:20:16","slug":"es-prioritario-para-metepec-nuevo-sistema-municipal-anticorrupcion","status":"publish","type":"post","link":"https:\/\/www.diarioimagen.net\/?p=341020","title":{"rendered":"Es prioritario para Metepec nuevo Sistema Municipal Anticorrupci\u00f3n"},"content":{"rendered":"<ul>\n<li><strong><em>Cumbre de Contralores<\/em><\/strong><\/li>\n<\/ul>\n<p>&nbsp;<\/p>\n<div id=\"attachment_341086\" style=\"width: 470px\" class=\"wp-caption aligncenter\"><a href=\"http:\/\/www.diarioimagen.net\/?attachment_id=341086\" rel=\"attachment wp-att-341086\"><img loading=\"lazy\" decoding=\"async\" aria-describedby=\"caption-attachment-341086\" class=\"size-large wp-image-341086\" src=\"http:\/\/www.diarioimagen.net\/wp-content\/uploads\/2017\/08\/METEPEC-3191-460x259.jpg\" alt=\"\" width=\"460\" height=\"259\" srcset=\"https:\/\/www.diarioimagen.net\/wp-content\/uploads\/2017\/08\/METEPEC-3191-460x259.jpg 460w, https:\/\/www.diarioimagen.net\/wp-content\/uploads\/2017\/08\/METEPEC-3191-240x135.jpg 240w, https:\/\/www.diarioimagen.net\/wp-content\/uploads\/2017\/08\/METEPEC-3191-235x132.jpg 235w, https:\/\/www.diarioimagen.net\/wp-content\/uploads\/2017\/08\/METEPEC-3191-202x114.jpg 202w, https:\/\/www.diarioimagen.net\/wp-content\/uploads\/2017\/08\/METEPEC-3191-350x196.jpg 350w, https:\/\/www.diarioimagen.net\/wp-content\/uploads\/2017\/08\/METEPEC-3191-220x123.jpg 220w, https:\/\/www.diarioimagen.net\/wp-content\/uploads\/2017\/08\/METEPEC-3191-237x132.jpg 237w, https:\/\/www.diarioimagen.net\/wp-content\/uploads\/2017\/08\/METEPEC-3191.jpg 480w\" sizes=\"auto, (max-width: 460px) 100vw, 460px\" \/><\/a><p id=\"caption-attachment-341086\" class=\"wp-caption-text\">El alcalde David L\u00f3pez C\u00e1rdenas fue el anfitri\u00f3n de la sesi\u00f3n ordinaria de la Comisi\u00f3n Permanente de Contralores Estado- Municipios de la regi\u00f3n centro de la entidad.<\/p><\/div>\n<p>&nbsp;<\/p>\n<p><strong>Metepec, Estado de M\u00e9xico<\/strong>.- \u00a0El proceso para la constituci\u00f3n del Comit\u00e9 de Participaci\u00f3n Ciudadana del Sistema Municipal Anticorrupci\u00f3n en Metepec, est\u00e1 en su etapa final, lo cual, permitir\u00e1\u00a0\u00a0a la ciudadan\u00eda contar con la figura garante del correcto manejo y destino de recursos p\u00fablicos, as\u00ed como funcionamiento eficaz de su gobierno.<\/p>\n<p>As\u00ed lo se\u00f1al\u00f3 el alcalde David L\u00f3pez C\u00e1rdenas, durante la inauguraci\u00f3n de la tercera sesi\u00f3n ordinaria de la Comisi\u00f3n Permanente de Contralores Estado-Municipios de la regi\u00f3n centro de la entidad, en la que se dieron cita representantes de 19 ayuntamientos, autoridades de la Secretar\u00eda de la Contralor\u00eda y del\u00a0Instituto de Transparencia, Acceso a la Informaci\u00f3n P\u00fablica y Protecci\u00f3n de Datos Personales del Estado de M\u00e9xico y Municipios (INFOEM).<\/p>\n<p>En el evento, celebrado en esta demarcaci\u00f3n, participaron en mesas de trabajo los directores de Protecci\u00f3n de datos Personales del INFOEM, Luis Ricardo S\u00e1nchez Hern\u00e1ndez y de Responsabilidades de la Secretar\u00eda de la Contralor\u00eda, Jorge Bern\u00e1ldez Aguilar, as\u00ed como Alberto Lozano Garc\u00eda, titular de la misma dependencia en Metepec.<\/p>\n<p>En la reuni\u00f3n se analizaron temas relacionados con la nueva Ley General de Protecci\u00f3n de Datos Personales, el Sistema Estatal y Municipal Anticorrupci\u00f3n y la importancia de la administraci\u00f3n de documentos en la Transparencia, este \u00faltimo expuesto por la representante de la Contralor\u00eda estatal, Alejandra Robles Cortes.<\/p>\n<p>El presidente municipal David L\u00f3pez, reconoci\u00f3 la funci\u00f3n de los contralores, al se\u00f1alar que \u201ces fundamental en los tiempos actuales para preservar el buen funcionamiento del ayuntamiento, pues debe verificar el cumplimiento de acciones establecidas en el Plan de Desarrollo municipal, llevando a cabo auditor\u00edas, supervisiones, inspecciones y dem\u00e1s acciones de fiscalizaci\u00f3n, adem\u00e1s, ser garante de atenci\u00f3n a quejas y denuncias de la sociedad. Con la implementaci\u00f3n del Sistema Municipal Anticorrupci\u00f3n,\u00a0las contralor\u00edas municipales jugar\u00e1n un papel muy importante en el combate a la corrupci\u00f3n.<\/p>\n<p>\u201cLa sociedad demanda servidores p\u00fablicos, capaces, honestos y responsables, que brinden atenci\u00f3n de calidad a la poblaci\u00f3n\u201d, subray\u00f3 el edil.<\/p>\n","protected":false},"excerpt":{"rendered":"<p>El proceso para la constituci\u00f3n del Comit\u00e9 de Participaci\u00f3n Ciudadana del Sistema Municipal Anticorrupci\u00f3n en Metepec, est\u00e1 en su etapa final, lo cual, permitir\u00e1  a la ciudadan\u00eda contar con la figura garante del correcto manejo y destino de recursos p\u00fablicos, as\u00ed como funcionamiento eficaz de su gobierno.<\/p>\n","protected":false},"author":3,"featured_media":341086,"comment_status":"open","ping_status":"open","sticky":false,"template":"","format":"standard","meta":{"_monsterinsights_skip_tracking":false,"_monsterinsights_sitenote_active":false,"_monsterinsights_sitenote_note":"","_monsterinsights_sitenote_category":0,"footnotes":""},"categories":[35155],"tags":[35747,14250,43675,876],"class_list":["post-341020","post","type-post","status-publish","format-standard","has-post-thumbnail","hentry","category-estado-de-mexico-estado-de-mexico","tag-anticorrupcion","tag-david-lopez-cardenas","tag-estado-de-mexico","tag-metepec"],"_links":{"self":[{"href":"https:\/\/www.diarioimagen.net\/index.php?rest_route=\/wp\/v2\/posts\/341020","targetHints":{"allow":["GET"]}}],"collection":[{"href":"https:\/\/www.diarioimagen.net\/index.php?rest_route=\/wp\/v2\/posts"}],"about":[{"href":"https:\/\/www.diarioimagen.net\/index.php?rest_route=\/wp\/v2\/types\/post"}],"author":[{"embeddable":true,"href":"https:\/\/www.diarioimagen.net\/index.php?rest_route=\/wp\/v2\/users\/3"}],"replies":[{"embeddable":true,"href":"https:\/\/www.diarioimagen.net\/index.php?rest_route=%2Fwp%2Fv2%2Fcomments&post=341020"}],"version-history":[{"count":0,"href":"https:\/\/www.diarioimagen.net\/index.php?rest_route=\/wp\/v2\/posts\/341020\/revisions"}],"wp:featuredmedia":[{"embeddable":true,"href":"https:\/\/www.diarioimagen.net\/index.php?rest_route=\/wp\/v2\/media\/341086"}],"wp:attachment":[{"href":"https:\/\/www.diarioimagen.net\/index.php?rest_route=%2Fwp%2Fv2%2Fmedia&parent=341020"}],"wp:term":[{"taxonomy":"category","embeddable":true,"href":"https:\/\/www.diarioimagen.net\/index.php?rest_route=%2Fwp%2Fv2%2Fcategories&post=341020"},{"taxonomy":"post_tag","embeddable":true,"href":"https:\/\/www.diarioimagen.net\/index.php?rest_route=%2Fwp%2Fv2%2Ftags&post=341020"}],"curies":[{"name":"wp","href":"https:\/\/api.w.org\/{rel}","templated":true}]}}