{"id":341188,"date":"2017-08-24T00:05:22","date_gmt":"2017-08-24T05:05:22","guid":{"rendered":"http:\/\/www.diarioimagen.net\/?p=341188"},"modified":"2017-08-24T03:13:19","modified_gmt":"2017-08-24T08:13:19","slug":"huixquilucan-firma-convenio-de-colaboracion-para-prevenir-el-delito","status":"publish","type":"post","link":"https:\/\/www.diarioimagen.net\/?p=341188","title":{"rendered":"Huixquilucan firma convenio de colaboraci\u00f3n para prevenir el delito"},"content":{"rendered":"<div id=\"attachment_341256\" style=\"width: 470px\" class=\"wp-caption aligncenter\"><a href=\"http:\/\/www.diarioimagen.net\/?attachment_id=341256\" rel=\"attachment wp-att-341256\"><img loading=\"lazy\" decoding=\"async\" aria-describedby=\"caption-attachment-341256\" class=\"size-large wp-image-341256\" src=\"http:\/\/www.diarioimagen.net\/wp-content\/uploads\/2017\/08\/HUIXQUILUCAN-3192-460x259.jpg\" alt=\"\" width=\"460\" height=\"259\" srcset=\"https:\/\/www.diarioimagen.net\/wp-content\/uploads\/2017\/08\/HUIXQUILUCAN-3192-460x259.jpg 460w, https:\/\/www.diarioimagen.net\/wp-content\/uploads\/2017\/08\/HUIXQUILUCAN-3192-240x135.jpg 240w, https:\/\/www.diarioimagen.net\/wp-content\/uploads\/2017\/08\/HUIXQUILUCAN-3192-235x132.jpg 235w, https:\/\/www.diarioimagen.net\/wp-content\/uploads\/2017\/08\/HUIXQUILUCAN-3192-202x114.jpg 202w, https:\/\/www.diarioimagen.net\/wp-content\/uploads\/2017\/08\/HUIXQUILUCAN-3192-350x196.jpg 350w, https:\/\/www.diarioimagen.net\/wp-content\/uploads\/2017\/08\/HUIXQUILUCAN-3192-220x123.jpg 220w, https:\/\/www.diarioimagen.net\/wp-content\/uploads\/2017\/08\/HUIXQUILUCAN-3192-237x132.jpg 237w, https:\/\/www.diarioimagen.net\/wp-content\/uploads\/2017\/08\/HUIXQUILUCAN-3192.jpg 480w\" sizes=\"auto, (max-width: 460px) 100vw, 460px\" \/><\/a><p id=\"caption-attachment-341256\" class=\"wp-caption-text\">Ana Mar\u00eda Balderas Trejo coment\u00f3 que el segundo lactario fortalecer\u00e1 v\u00ednculos familiares entre madres e hijos.<\/p><\/div>\n<p>&nbsp;<\/p>\n<p><strong>Huixquilucan, Estado de M\u00e9xico.- <\/strong>El gobierno local y el Secretariado Ejecutivo del Sistema Estatal de Seguridad P\u00fablica, firmaron el convenio de colaboraci\u00f3n para la Prevenci\u00f3n Social de la Violencia y la Delincuencia, un acuerdo sin precedente en la localidad.<\/p>\n<p>El presidente municipal, Enrique Vargas del Villar, dijo que con este acuerdo se refrenda la convicci\u00f3n personal e institucional, de que la violencia es una conducta que lesiona lo m\u00e1s valioso de los seres humanos: su dignidad.<\/p>\n","protected":false},"excerpt":{"rendered":"<p>El gobierno local y el Secretariado Ejecutivo del Sistema Estatal de Seguridad P\u00fablica, firmaron el convenio de colaboraci\u00f3n para la Prevenci\u00f3n Social de la Violencia y la Delincuencia, un acuerdo sin precedente en la localidad.<\/p>\n","protected":false},"author":3,"featured_media":341256,"comment_status":"open","ping_status":"open","sticky":false,"template":"","format":"standard","meta":{"_monsterinsights_skip_tracking":false,"_monsterinsights_sitenote_active":false,"_monsterinsights_sitenote_note":"","_monsterinsights_sitenote_category":0,"footnotes":""},"categories":[35155],"tags":[24241,43675,1097,47870],"class_list":["post-341188","post","type-post","status-publish","format-standard","has-post-thumbnail","hentry","category-estado-de-mexico-estado-de-mexico","tag-delito","tag-estado-de-mexico","tag-huixquilucan","tag-prevenir"],"_links":{"self":[{"href":"https:\/\/www.diarioimagen.net\/index.php?rest_route=\/wp\/v2\/posts\/341188","targetHints":{"allow":["GET"]}}],"collection":[{"href":"https:\/\/www.diarioimagen.net\/index.php?rest_route=\/wp\/v2\/posts"}],"about":[{"href":"https:\/\/www.diarioimagen.net\/index.php?rest_route=\/wp\/v2\/types\/post"}],"author":[{"embeddable":true,"href":"https:\/\/www.diarioimagen.net\/index.php?rest_route=\/wp\/v2\/users\/3"}],"replies":[{"embeddable":true,"href":"https:\/\/www.diarioimagen.net\/index.php?rest_route=%2Fwp%2Fv2%2Fcomments&post=341188"}],"version-history":[{"count":0,"href":"https:\/\/www.diarioimagen.net\/index.php?rest_route=\/wp\/v2\/posts\/341188\/revisions"}],"wp:featuredmedia":[{"embeddable":true,"href":"https:\/\/www.diarioimagen.net\/index.php?rest_route=\/wp\/v2\/media\/341256"}],"wp:attachment":[{"href":"https:\/\/www.diarioimagen.net\/index.php?rest_route=%2Fwp%2Fv2%2Fmedia&parent=341188"}],"wp:term":[{"taxonomy":"category","embeddable":true,"href":"https:\/\/www.diarioimagen.net\/index.php?rest_route=%2Fwp%2Fv2%2Fcategories&post=341188"},{"taxonomy":"post_tag","embeddable":true,"href":"https:\/\/www.diarioimagen.net\/index.php?rest_route=%2Fwp%2Fv2%2Ftags&post=341188"}],"curies":[{"name":"wp","href":"https:\/\/api.w.org\/{rel}","templated":true}]}}