{"id":341222,"date":"2017-08-24T00:09:53","date_gmt":"2017-08-24T05:09:53","guid":{"rendered":"http:\/\/www.diarioimagen.net\/?p=341222"},"modified":"2017-08-24T03:02:35","modified_gmt":"2017-08-24T08:02:35","slug":"inocentes-palomitas","status":"publish","type":"post","link":"https:\/\/www.diarioimagen.net\/?p=341222","title":{"rendered":"Inocentes palomitas"},"content":{"rendered":"<h2>De frente y de perfil<\/h2>\n<h5>Ram\u00f3n Zurita Sahag\u00fan<\/h5>\n<p>&nbsp;<\/p>\n<div id=\"attachment_341270\" style=\"width: 288px\" class=\"wp-caption alignleft\"><a href=\"http:\/\/www.diarioimagen.net\/?attachment_id=341270\" rel=\"attachment wp-att-341270\"><img loading=\"lazy\" decoding=\"async\" aria-describedby=\"caption-attachment-341270\" class=\" wp-image-341270\" src=\"http:\/\/www.diarioimagen.net\/wp-content\/uploads\/2017\/08\/ZURITA-3192.jpg\" alt=\"\" width=\"278\" height=\"274\" srcset=\"https:\/\/www.diarioimagen.net\/wp-content\/uploads\/2017\/08\/ZURITA-3192.jpg 375w, https:\/\/www.diarioimagen.net\/wp-content\/uploads\/2017\/08\/ZURITA-3192-240x237.jpg 240w, https:\/\/www.diarioimagen.net\/wp-content\/uploads\/2017\/08\/ZURITA-3192-50x50.jpg 50w, https:\/\/www.diarioimagen.net\/wp-content\/uploads\/2017\/08\/ZURITA-3192-75x75.jpg 75w, https:\/\/www.diarioimagen.net\/wp-content\/uploads\/2017\/08\/ZURITA-3192-70x70.jpg 70w\" sizes=\"auto, (max-width: 278px) 100vw, 278px\" \/><\/a><p id=\"caption-attachment-341270\" class=\"wp-caption-text\">El gobernador de Morelos, Graco Ram\u00edrez, responsabiliza al secretario de Comunicaciones y Transportes de lo sucedido en el Paso Expr\u00e9s.<\/p><\/div>\n<p>El juego se llama, el que aviente m\u00e1s lodo e imputaciones puede ser el m\u00e1s inocente de todos. Se\u00f1ala, acusa, que todo es v\u00e1lido.<\/p>\n<p>Las m\u00e1s recientes declaraciones de los pol\u00edticos mexicanos recrean aquella vieja canci\u00f3n de la Sonora Matancera que interpretaba magistralmente Celia Cruz:<\/p>\n<p><em>Songo le dio a Borondongo<br \/>\nBorondongo le dio a Bernab\u00e9<br \/>\n<\/em><em>Bernab\u00e9 le peg\u00f3 a Muchilanga<br \/>\n<\/em><em>le ech\u00f3 a Burundanga<br \/>\n<\/em><em>les hinchan los pies<br \/>\n<\/em><em>Monina<\/em><\/p>\n<p>Eso s\u00ed, como explican los juristas, todos son inocentes, hasta que se les demuestre lo contrario.<\/p>\n<p>Ruiz Esparza, acusa Graco Ram\u00edrez; el gobernador de Morelos responsabiliza al secretario de Comunicaciones y Transportes, de lo sucedido en el Paso Expr\u00e9s, el presidente del PAN, Ricardo Anaya Cort\u00e9s, acusa al gobierno federal, de una campa\u00f1a de infamias en su contra y el pueblo, at\u00f3nito e incr\u00e9dulo, solamente sonr\u00ede y no le cree a ninguno de ellos.<\/p>\n<p>Primero fue el titular de la SCT, catalogado como uno de los personajes m\u00e1s desacreditados del gabinete presidencial, el que acude ante los legisladores, se sacude el polvo, anuncia que no practicar\u00e1 el \u201csacrificio pol\u00edtico\u201d que representa su renuncia a tan buena chamba y se\u00f1ala con \u00edndice de fuego al gobernador de Morelos, Graco Ram\u00edrez Garrido, de ser el responsable de la muerte de dos personas, por no dar pronta respuesta al rescata de los ca\u00eddos en el socav\u00f3n.<\/p>\n<p>Graco responde al d\u00eda siguiente en su conversaci\u00f3n (que no comparecencia) con los mismos legisladores y devuelve la pedrada, el responsable es Ruiz Esparza, no atendieron a las v\u00edctimas.<\/p>\n<p>En medio de todo esto se encuentra la familia de los muertos (padre e hijo que transitaban por una carretera reci\u00e9n inaugurada y que fatalmente les toc\u00f3 caer en el hoyanco) los que se encuentran en pleno litigio de las indemnizaciones, presionados por las autoridades de la SCT y sin el sustento que proporcionaba el padre de familia fallecido.<\/p>\n<p>M\u00e1s de un mes despu\u00e9s del llamado socav\u00f3n, nada est\u00e1 claro, salvo que Ruiz Esparza se aferra al puesto, desde el que pretende saltar a una senadur\u00eda plurinominal o de lista, sabedor de que el fuero es su tablita de salvaci\u00f3n ante el inminente triunfo, en 2018,\u00a0 de un partido ajeno al PRI.<\/p>\n<p>Cambiaron al delegado de la SCT en Morelos, como si eso fuese lo m\u00e1s importante del drama que todav\u00eda impacta por la muerte de dos personas y de mostrar nuevamente como los principales proyectos se encuentran dirigidos a empresas favorecidas.<\/p>\n<p>Eso s\u00ed, el responsable de Gerardo Ruiz Esparza, asegur\u00f3 que los responsables del fatal suceso, tendr\u00e1n responsabilidad sobre los hechos, cuando las autoridades encuentren al responsable de ello y castiguen su responsabilidad, ese es parte del florido y amplio lenguaje del secretario que no est\u00e1 dispuesto a ser parte de un sacrificio pol\u00edtico.<\/p>\n<p>Graco insiste en que no estuvo de acuerdo en la fecha de la inauguraci\u00f3n y en que alert\u00f3 que ten\u00eda problemas el Paso Expr\u00e9s, pero no dej\u00f3 de asistir al evento, para tomarse la foto y aparecer en ella, en un momento hist\u00f3rico.<\/p>\n<p>Pero si el duelo entre el titular de la SCT y el gobernador de Morelos, atrae reflectores, estos mismos le son robados por el presidente del PAN, Ricardo Anaya Cort\u00e9s.<\/p>\n<p>Indignado y enojado por lo que considera son infamias provenientes del gobierno federal, el dirigente nacional del PAN, hizo un recorrido por los principales noticiario de la radio para manifestar su molestia por una informaci\u00f3n publicada por el Diario El Universal, donde da cuenta de que suegro y otros familiares se han beneficiado con su participaci\u00f3n en la actividad pol\u00edtica.<\/p>\n<p>El reportaje da cuenta del incremento de la fortuna familiar de poco m\u00e1s de 20 millones de pesos hace 15 a\u00f1os a m\u00e1s de 300 en la actualidad.<\/p>\n<p>Furioso, el \u00fanico aspirante presidencial que niega serlo, neg\u00f3 los se\u00f1alamientos que son infamatorios (seg\u00fan dijo), aunque no aclar\u00f3 que resulta ser curioso que meses antes el propio Anaya Cort\u00e9s y su esposa fueron se\u00f1alados por algo similar.<\/p>\n<p>Resulta curioso ver como dentro de esta familia ampliada, las cuestiones financieras se les den tan bien y puedan incrementar r\u00e1pidamente sus capitales.<\/p>\n<p>Hace unos cuantos meses, Anaya Cort\u00e9s dio a conocer como pudo hacerse de plazas comerciales y generarse una fortuna cuantiosa, para un personaje que apenas tiene 14 a\u00f1os en la actividad pol\u00edtica.<\/p>\n<p>Ahora lanza acusaciones en contra del gobierno federal y se dice v\u00edctima de una campa\u00f1a persecutoria, por haber determinado no apoyar el paso del actual procurador general de la Rep\u00fablica, Ra\u00fal Cervantes, a fiscal general de la Naci\u00f3n, dentro de acuerdos en el Congreso. Incluso, dice que hubo intento de chantaje, poco antes de la publicaci\u00f3n del reportaje.<\/p>\n<p>Lo curioso de todo esto es que apenas un par de horas despu\u00e9s de la publicaci\u00f3n de la fortuna de su suegro y dem\u00e1s familiares, sin importar lo temprano del horario, Anaya Cort\u00e9s ya ten\u00eda en su poder cartas que avalaban dicha fortuna a\u00f1eja de su familia pol\u00edtica, por parte de una serie de organismos empresariales del estado de Quer\u00e9taro y hasta de la Asociaci\u00f3n de Hoteles y Moteles de la Rep\u00fablica Mexicana, con una capacidad de reacci\u00f3n inusitada.<\/p>\n<p>Si todo sale de acuerdo al gui\u00f3n trazado desde un inicio, hoy se sabr\u00e1 qui\u00e9n de los cuatro aspirantes de Morena se convierte en su coordinador de CDMX, lo que les da un pase autom\u00e1tico para ser el candidato al gobierno capitalino.<\/p>\n<p>Tambi\u00e9n se ver\u00e1 si es cierto que todos respetar\u00e1n la decisi\u00f3n de aquellos que, supuestamente, fueron encuestados. Ricardo, Claudia, Mario y Mart\u00ed, cu\u00e1l de ellos ser\u00e1?<\/p>\n<p><em><a href=\"mailto:ramonzurita44@hotmail.com\" target=\"_blank\" rel=\"noopener noreferrer\">ramonzurita44@hotmail.com<\/a><\/em><\/p>\n","protected":false},"excerpt":{"rendered":"<p><span style=\"color: #005497;\"><strong>Ram\u00f3n Zurita Sahag\u00fan<\/strong><\/span><br \/>\n<br \/>\nEl juego se llama, el que aviente m\u00e1s lodo e imputaciones puede ser el m\u00e1s inocente de todos. Se\u00f1ala, acusa, que todo es v\u00e1lido.<\/p>\n","protected":false},"author":3,"featured_media":341270,"comment_status":"open","ping_status":"open","sticky":false,"template":"","format":"standard","meta":{"_monsterinsights_skip_tracking":false,"_monsterinsights_sitenote_active":false,"_monsterinsights_sitenote_note":"","_monsterinsights_sitenote_category":0,"footnotes":""},"categories":[234],"tags":[304,43674,43687],"class_list":["post-341222","post","type-post","status-publish","format-standard","has-post-thumbnail","hentry","category-ramon-zurita-sahagun","tag-de-frente-y-de-perfil","tag-opinion","tag-ramon-zurita-sahagun"],"_links":{"self":[{"href":"https:\/\/www.diarioimagen.net\/index.php?rest_route=\/wp\/v2\/posts\/341222","targetHints":{"allow":["GET"]}}],"collection":[{"href":"https:\/\/www.diarioimagen.net\/index.php?rest_route=\/wp\/v2\/posts"}],"about":[{"href":"https:\/\/www.diarioimagen.net\/index.php?rest_route=\/wp\/v2\/types\/post"}],"author":[{"embeddable":true,"href":"https:\/\/www.diarioimagen.net\/index.php?rest_route=\/wp\/v2\/users\/3"}],"replies":[{"embeddable":true,"href":"https:\/\/www.diarioimagen.net\/index.php?rest_route=%2Fwp%2Fv2%2Fcomments&post=341222"}],"version-history":[{"count":0,"href":"https:\/\/www.diarioimagen.net\/index.php?rest_route=\/wp\/v2\/posts\/341222\/revisions"}],"wp:featuredmedia":[{"embeddable":true,"href":"https:\/\/www.diarioimagen.net\/index.php?rest_route=\/wp\/v2\/media\/341270"}],"wp:attachment":[{"href":"https:\/\/www.diarioimagen.net\/index.php?rest_route=%2Fwp%2Fv2%2Fmedia&parent=341222"}],"wp:term":[{"taxonomy":"category","embeddable":true,"href":"https:\/\/www.diarioimagen.net\/index.php?rest_route=%2Fwp%2Fv2%2Fcategories&post=341222"},{"taxonomy":"post_tag","embeddable":true,"href":"https:\/\/www.diarioimagen.net\/index.php?rest_route=%2Fwp%2Fv2%2Ftags&post=341222"}],"curies":[{"name":"wp","href":"https:\/\/api.w.org\/{rel}","templated":true}]}}