{"id":341534,"date":"2017-08-28T00:02:16","date_gmt":"2017-08-28T05:02:16","guid":{"rendered":"http:\/\/www.diarioimagen.net\/?p=341534"},"modified":"2017-08-27T23:22:14","modified_gmt":"2017-08-28T04:22:14","slug":"ricardo-y-el-nopal","status":"publish","type":"post","link":"https:\/\/www.diarioimagen.net\/?p=341534","title":{"rendered":"Ricardo y el nopal"},"content":{"rendered":"<h2>De pe a pa<\/h2>\n<h5>Alberto Vieyra G.<\/h5>\n<p>&nbsp;<\/p>\n<p>El jerarca nacional del PAN, Ricardo Anaya, alcanz\u00f3 triste fama por 3 razones: una mete\u00f3rica carrera pol\u00edtica, una sospechosa fortuna y por traidor.<\/p>\n<p>Y p\u00f3ngase c\u00f3modo porque le voy a contar.<\/p>\n<p>Hace 14 a\u00f1os, el bebesaurio queretano, Ricardo Anaya, tendr\u00eda su primer cargo p\u00fablico, y de ah\u00ed pal real se encumbrar\u00eda como si tuviese un poderoso padrino. \u00bfLo tendr\u00e1?<\/p>\n<p>El a\u00f1o pasado, Ricardo Anaya ganar\u00eda notoriedad como todo un fen\u00f3meno pol\u00edtico en la jerarqu\u00eda nacional del PAN, arrebat\u00e1ndole al PRI 7 gubernaturas al hilo, y tambi\u00e9n se pondr\u00eda al descubierto que el se\u00f1orito Anaya, vive en un lujoso apartamento de las Lomas de Chapultepec pagando una renta de m\u00e1s de 5 mil d\u00f3lares al mes, y por si eso fuera poco, sus hijos y su mujer residen en Atlanta, Estados Unidos, y mantener a esa opulenta familia en el primer mundo nos cuesta a los mexicanos m\u00e1s de 5 millones de pesos al a\u00f1o, seg\u00fan public\u00f3 el peri\u00f3dico \u201cEl Universal\u201d.<\/p>\n<p>Hoy, el mismo rotativo, en su edici\u00f3n del 23 de agosto pasado, public\u00f3 que \u201cAnaya y familia tienen inmuebles por 308 mdp\u201d, es decir, que este esp\u00e9cimen de la pol\u00edtica totonaca tiene m\u00e1s propiedades que el nopal.<\/p>\n<p>Sabido es que Ricardo Anaya, como senador de la Rep\u00fablica ten\u00eda un sueldo de poco m\u00e1s de 200 mil pesos, y como jerarca nacional del PAN, percibe poco m\u00e1s de 150 mil. \u00bfDe d\u00f3nde le viene entonces tanta riqueza?<\/p>\n<p>Seg\u00fan el rotativo, Ricardo Anaya, \u201ca partir de su primer cargo como servidor p\u00fablico hace 14 a\u00f1os, as\u00ed como del inicio de su relaci\u00f3n con su esposa, sus parientes pasaron de poseer seis inmuebles por 21.3 mdp a 33 con valor de 308 mdp\u201d.<\/p>\n<p>Esa fortuna, jam\u00e1s fue declarada por Ricardo Anaya, en la llamada declaraci\u00f3n patrimonial 3de3, y la ley reza que \u2018si un servidor p\u00fablico esconde su patrimonio, estar\u00e1 cometiendo un delito que lo puede hacer acreedor a c\u00e1rcel y la inhabilitaci\u00f3n del cargo\u2019.<\/p>\n<p>\u00bfC\u00f3mo se hizo de tantas mulas, como Pedro?<\/p>\n<p>\u00bfEs esa la democracia que pregona esa maldita lacra social llamada Partido Acci\u00f3n Nacional? \u00bfEs la democracia de los ricos que viven en la opulencia pol\u00edtica, gracias a los dineros p\u00fablicos del pobre pueblo de M\u00e9xico?<\/p>\n<p>\u00bfMerece ser candidato presidencial un individuo que esconde, a la ley y a los mexicanos, su fortuna?<\/p>\n<p>Pero adem\u00e1s, hay otro peque\u00f1o pero en ese politicastro de la derechona panista. En el \u00e1mbito del gran poder pol\u00edtico de M\u00e9xico, se asegura que, Ricardo Anaya, tiene a su padrino pol\u00edtico en Los Pinos, pero que desde hace poco m\u00e1s de un a\u00f1o, el dirigente panista ha dado reiteradas muestras de ser un traidor de siete suelas, al que hoy se pretende parar en su mete\u00f3rica carrera pol\u00edtica que le ha permitido amasar m\u00e1s fortuna y propiedades que las del nopal.<\/p>\n<p>Los paniaguados diputados y senadores del PAN han cerrado filas para arropar a su corrupto l\u00edder, y es que todos son coyotes de las \u201cmesma\u201d loma.<\/p>\n<p>Ya se sabe, incluso, que Anaya traicion\u00f3 al presidente en el asunto del fiscal anticorrupci\u00f3n, pues a toda costa el panista lo quiere con chaqueta blanquiazul y el PRI con chaqueta roja. \u00a1As\u00ed no se puede!<\/p>\n<p>El problema es que, Ricardo Anaya, ya tiene un sellote de traidor, y sabido es que el traiciona una vez, traiciona dos o siempre.<\/p>\n<p>Los rancheros all\u00e1 en mi tierra le aplican la m\u00e1xima de que \u201cmujer y pistola que fallan una vez, fallan siempre\u201d. El problema es que, de ese descont\u00f3n al h\u00edgado, Ricardo Anaya dif\u00edcilmente podr\u00e1 ser el candidato presidencial del PAN o de la prostituta alianza pol\u00edtica PAN-PRD. Aunque usted no lo crea.<\/p>\n<p><a href=\"mailto:%20%20info@agenciamn.com\" target=\"_blank\" rel=\"noopener noreferrer\"><em>info@agenciamn.com<\/em><\/a><\/p>\n","protected":false},"excerpt":{"rendered":"<p><span><span style=\"color: #005497;\"><strong>Alberto Vieyra G.<\/strong><\/span><\/span><\/p>\n","protected":false},"author":3,"featured_media":0,"comment_status":"open","ping_status":"open","sticky":false,"template":"","format":"standard","meta":{"_monsterinsights_skip_tracking":false,"_monsterinsights_sitenote_active":false,"_monsterinsights_sitenote_note":"","_monsterinsights_sitenote_category":0,"footnotes":""},"categories":[4596],"tags":[43697,4597,43674],"class_list":["post-341534","post","type-post","status-publish","format-standard","hentry","category-alberto-vieyra-g","tag-alberto-vieyra-g","tag-de-pe-a-pa","tag-opinion"],"_links":{"self":[{"href":"https:\/\/www.diarioimagen.net\/index.php?rest_route=\/wp\/v2\/posts\/341534","targetHints":{"allow":["GET"]}}],"collection":[{"href":"https:\/\/www.diarioimagen.net\/index.php?rest_route=\/wp\/v2\/posts"}],"about":[{"href":"https:\/\/www.diarioimagen.net\/index.php?rest_route=\/wp\/v2\/types\/post"}],"author":[{"embeddable":true,"href":"https:\/\/www.diarioimagen.net\/index.php?rest_route=\/wp\/v2\/users\/3"}],"replies":[{"embeddable":true,"href":"https:\/\/www.diarioimagen.net\/index.php?rest_route=%2Fwp%2Fv2%2Fcomments&post=341534"}],"version-history":[{"count":0,"href":"https:\/\/www.diarioimagen.net\/index.php?rest_route=\/wp\/v2\/posts\/341534\/revisions"}],"wp:attachment":[{"href":"https:\/\/www.diarioimagen.net\/index.php?rest_route=%2Fwp%2Fv2%2Fmedia&parent=341534"}],"wp:term":[{"taxonomy":"category","embeddable":true,"href":"https:\/\/www.diarioimagen.net\/index.php?rest_route=%2Fwp%2Fv2%2Fcategories&post=341534"},{"taxonomy":"post_tag","embeddable":true,"href":"https:\/\/www.diarioimagen.net\/index.php?rest_route=%2Fwp%2Fv2%2Ftags&post=341534"}],"curies":[{"name":"wp","href":"https:\/\/api.w.org\/{rel}","templated":true}]}}