{"id":341693,"date":"2017-08-29T00:05:38","date_gmt":"2017-08-29T05:05:38","guid":{"rendered":"http:\/\/www.diarioimagen.net\/?p=341693"},"modified":"2017-08-29T22:45:52","modified_gmt":"2017-08-30T03:45:52","slug":"considera-trump-iniciar-salida-del-tlc","status":"publish","type":"post","link":"https:\/\/www.diarioimagen.net\/?p=341693","title":{"rendered":"Considera Trump iniciar salida del TLC"},"content":{"rendered":"<ul>\n<li><strong><em>Durante negociaciones para modernizarlo<\/em><\/strong><\/li>\n<\/ul>\n<p>&nbsp;<\/p>\n<div id=\"attachment_341819\" style=\"width: 470px\" class=\"wp-caption aligncenter\"><a href=\"http:\/\/www.diarioimagen.net\/?attachment_id=341819\" rel=\"attachment wp-att-341819\"><img loading=\"lazy\" decoding=\"async\" aria-describedby=\"caption-attachment-341819\" class=\"size-large wp-image-341819\" src=\"http:\/\/www.diarioimagen.net\/wp-content\/uploads\/2017\/08\/TRUMP-3195-460x259.jpg\" alt=\"\" width=\"460\" height=\"259\" srcset=\"https:\/\/www.diarioimagen.net\/wp-content\/uploads\/2017\/08\/TRUMP-3195-460x259.jpg 460w, https:\/\/www.diarioimagen.net\/wp-content\/uploads\/2017\/08\/TRUMP-3195-240x135.jpg 240w, https:\/\/www.diarioimagen.net\/wp-content\/uploads\/2017\/08\/TRUMP-3195-235x132.jpg 235w, https:\/\/www.diarioimagen.net\/wp-content\/uploads\/2017\/08\/TRUMP-3195-202x114.jpg 202w, https:\/\/www.diarioimagen.net\/wp-content\/uploads\/2017\/08\/TRUMP-3195-350x196.jpg 350w, https:\/\/www.diarioimagen.net\/wp-content\/uploads\/2017\/08\/TRUMP-3195-220x123.jpg 220w, https:\/\/www.diarioimagen.net\/wp-content\/uploads\/2017\/08\/TRUMP-3195-237x132.jpg 237w, https:\/\/www.diarioimagen.net\/wp-content\/uploads\/2017\/08\/TRUMP-3195.jpg 480w\" sizes=\"auto, (max-width: 460px) 100vw, 460px\" \/><\/a><p id=\"caption-attachment-341819\" class=\"wp-caption-text\">Donald Trump insisti\u00f3 en que M\u00e9xico est\u00e1 siendo \u201cmuy dif\u00edcil\u201d en las negociaciones para modernizar el TLCAN.<\/p><\/div>\n<p>&nbsp;<\/p>\n<p>El presidente estadunidense, Donald Trump, consider\u00f3 probable que sea necesario iniciar el proceso de salida del Tratado de Libre Comercio de Am\u00e9rica del Norte (TLCAN) antes de que concluyan las actuales negociaciones del acuerdo con M\u00e9xico y Canad\u00e1.<\/p>\n<p>\u201cCreo que uno tiene que, al menos probablemente, iniciar el proceso de terminaci\u00f3n antes de que alcance un acuerdo justo, porque ha sido un trato unilateral\u201d, se\u00f1al\u00f3 Trump en una rueda de prensa conjunta con el presidente de Finlandia, Sauli Niinisto.<\/p>\n<p>Trump insisti\u00f3 en que M\u00e9xico est\u00e1 siendo \u201cmuy dif\u00edcil\u201d en las negociaciones para modernizar el TLCAN, que iniciaron el pasado 16 de agosto en Washington, pero agreg\u00f3 que Canad\u00e1 tambi\u00e9n se ha estado beneficiando inequitativamente del acuerdo.<\/p>\n<p>\u201cEsto incluye a Canad\u00e1. Gran respeto para Canad\u00e1, mucho amor por Canad\u00e1, para ha sido un trato unilateral para Canad\u00e1 y para M\u00e9xico. Y los trabajadores estadounidenses, toda esta gente incre\u00edble que ha perdido su empleo por el TLCAN, no van a sufrir m\u00e1s, ha sido injusto por mucho tiempo\u201d, a\u00f1adi\u00f3.<\/p>\n<p>Trump reiter\u00f3 as\u00ed su posici\u00f3n en el sentido de que dar\u00e1 por terminado el TLCAN si no logra una nueva negociaci\u00f3n beneficiosa para Estados Unidos. La canciller\u00eda mexicana ha considerado los pronunciamientos como una \u201cestrategia de negociaci\u00f3n\u201d.<\/p>\n<p>La perspectiva de Trump surge precisamente en v\u00edsperas del inicio de la segunda ronda de negociaciones en la Ciudad de M\u00e9xico, programada del 1 al 5 de septiembre, antes de que se trasladen despu\u00e9s para la tercera ronda a Canad\u00e1.<\/p>\n<p>El mandatario estadunidense insisti\u00f3 en que \u201cel TLCAN ha sido uno de los peores acuerdos jam\u00e1s firmados en todos los tiempos en cualquier parte del mundo, y puedo entender por qu\u00e9 M\u00e9xico es dif\u00edcil, porque se salieron con la suya\u201d.<\/p>\n<p>Trump tambi\u00e9n volvi\u00f3 a abordar otro de sus temas de campa\u00f1a, la construcci\u00f3n de un muro en la frontera con M\u00e9xico, y reiter\u00f3 que es un \u201cimperativo\u201d para frenar la llegada de drogas por la frontera sur, y sostuvo nuevamente que ser\u00e1 pagado por M\u00e9xico, quiz\u00e1s a trav\u00e9s de un reembolso.<\/p>\n<p>\u201cEl muro detendr\u00e1 la mayor\u00eda de las drogas que entran al pa\u00eds y que envenenan a nuestra juventud\u201d, arguy\u00f3 el mandatario estadunidense.<\/p>\n<p>Trump dijo la semana pasada en un discurso en Phoenix, que presionar\u00e1 al Congreso estadunidense para obtener los mil 600 millones de d\u00f3lares necesarios para la construcci\u00f3n del muro, aun si eso implica cerrar el gobierno federal, a partir del primero de octubre \u201cEspero que eso no sea necesario\u201d, aclar\u00f3 en la rueda de prensa sobre el cierre del gobierno. \u201cSi es necesario ya veremos, pero espero que no sea necesario\u201d.<\/p>\n","protected":false},"excerpt":{"rendered":"<p>El presidente estadunidense, Donald Trump, consider\u00f3 probable que sea necesario iniciar el proceso de salida del Tratado de Libre Comercio de Am\u00e9rica del Norte (TLCAN) antes de que concluyan las actuales negociaciones del acuerdo con M\u00e9xico y Canad\u00e1.<\/p>\n","protected":false},"author":3,"featured_media":341819,"comment_status":"open","ping_status":"open","sticky":false,"template":"","format":"standard","meta":{"_monsterinsights_skip_tracking":false,"_monsterinsights_sitenote_active":false,"_monsterinsights_sitenote_note":"","_monsterinsights_sitenote_category":0,"footnotes":""},"categories":[8],"tags":[41813,177,43679,51137,7300,2167],"class_list":["post-341693","post","type-post","status-publish","format-standard","has-post-thumbnail","hentry","category-finanzas","tag-donald-trump","tag-estados-unidos","tag-mundo","tag-salida","tag-tlc","tag-tlcan"],"_links":{"self":[{"href":"https:\/\/www.diarioimagen.net\/index.php?rest_route=\/wp\/v2\/posts\/341693","targetHints":{"allow":["GET"]}}],"collection":[{"href":"https:\/\/www.diarioimagen.net\/index.php?rest_route=\/wp\/v2\/posts"}],"about":[{"href":"https:\/\/www.diarioimagen.net\/index.php?rest_route=\/wp\/v2\/types\/post"}],"author":[{"embeddable":true,"href":"https:\/\/www.diarioimagen.net\/index.php?rest_route=\/wp\/v2\/users\/3"}],"replies":[{"embeddable":true,"href":"https:\/\/www.diarioimagen.net\/index.php?rest_route=%2Fwp%2Fv2%2Fcomments&post=341693"}],"version-history":[{"count":0,"href":"https:\/\/www.diarioimagen.net\/index.php?rest_route=\/wp\/v2\/posts\/341693\/revisions"}],"wp:featuredmedia":[{"embeddable":true,"href":"https:\/\/www.diarioimagen.net\/index.php?rest_route=\/wp\/v2\/media\/341819"}],"wp:attachment":[{"href":"https:\/\/www.diarioimagen.net\/index.php?rest_route=%2Fwp%2Fv2%2Fmedia&parent=341693"}],"wp:term":[{"taxonomy":"category","embeddable":true,"href":"https:\/\/www.diarioimagen.net\/index.php?rest_route=%2Fwp%2Fv2%2Fcategories&post=341693"},{"taxonomy":"post_tag","embeddable":true,"href":"https:\/\/www.diarioimagen.net\/index.php?rest_route=%2Fwp%2Fv2%2Ftags&post=341693"}],"curies":[{"name":"wp","href":"https:\/\/api.w.org\/{rel}","templated":true}]}}