{"id":341849,"date":"2017-08-30T00:08:14","date_gmt":"2017-08-30T05:08:14","guid":{"rendered":"http:\/\/www.diarioimagen.net\/?p=341849"},"modified":"2017-08-31T00:00:13","modified_gmt":"2017-08-31T05:00:13","slug":"destaca-pena-nieto-inversion-historica-por-156-mil-mdd","status":"publish","type":"post","link":"https:\/\/www.diarioimagen.net\/?p=341849","title":{"rendered":"Destaca EPN inversi\u00f3n hist\u00f3rica por 156 mil mdd"},"content":{"rendered":"<ul>\n<li><strong><em>Afirma que no es momento de bajar la guardia<\/em><\/strong><\/li>\n<\/ul>\n<p>&nbsp;<\/p>\n<div id=\"attachment_341850\" style=\"width: 470px\" class=\"wp-caption aligncenter\"><img loading=\"lazy\" decoding=\"async\" aria-describedby=\"caption-attachment-341850\" class=\"wp-image-341850 size-large\" src=\"http:\/\/www.diarioimagen.net\/wp-content\/uploads\/2017\/08\/PE\u00d1A30ok-portal-460x268.jpg\" alt=\"\" width=\"460\" height=\"268\" srcset=\"https:\/\/www.diarioimagen.net\/wp-content\/uploads\/2017\/08\/PE\u00d1A30ok-portal-460x268.jpg 460w, https:\/\/www.diarioimagen.net\/wp-content\/uploads\/2017\/08\/PE\u00d1A30ok-portal-240x140.jpg 240w, https:\/\/www.diarioimagen.net\/wp-content\/uploads\/2017\/08\/PE\u00d1A30ok-portal.jpg 480w\" sizes=\"auto, (max-width: 460px) 100vw, 460px\" \/><p id=\"caption-attachment-341850\" class=\"wp-caption-text\">Enrique Pe\u00f1a Nieto destaca que en el \u00faltimo a\u00f1o de su gobierno la inversi\u00f3n extranjera directa registra una cifra hist\u00f3rica de 156 mil millones de d\u00f3lares.<\/p><\/div>\n<p>&nbsp;<\/p>\n<p>El presidente, Enrique Pe\u00f1a Nieto, asegur\u00f3 que en el \u00faltimo a\u00f1o de su gobierno la inversi\u00f3n extranjera directa registr\u00f3 una cifra hist\u00f3rica de 156 mil millones de d\u00f3lares, \u201cpor primera vez en la historia de M\u00e9xico que se alcanza esta cifra en una sola administraci\u00f3n \u201c.<\/p>\n<p>En el marco del Acuerdo para el Fortalecimiento Econ\u00f3mico y la Protecci\u00f3n de la Econom\u00eda Familiar, el mandatario federal dijo que la inversi\u00f3n sigue siendo un factor muy relevante para algunos sectores sin precedentes como en la exploraci\u00f3n y exportaci\u00f3n de hidrocarburos que fue de 10 mil millones de d\u00f3lares y cuatro mil millones de d\u00f3lares en la segunda subasta de contratos de largo plazo de energ\u00eda el\u00e9ctrica.<\/p>\n<p>Asimismo, inversiones por 7 mil millones de d\u00f3lares en la red compartida de telecomunicaciones que llevar\u00e1 amplia cobertura de Internet al 96 por ciento de la poblaci\u00f3n. El mandatario federal reconoci\u00f3 que los desaf\u00edos y retos persisten, pero no es momento de bajar la guardia, sino de estar unidos, \u201cde tener una visi\u00f3n compartida del rumbo que nos hemos trazado\u201d.<\/p>\n<p>En ese sentido enfatiz\u00f3 que \u201cla soluci\u00f3n a los retos del exterior deben surgir del interior, en nosotros, en la unidad nacional, est\u00e1 la posibilidad de alcanzar mayores \u00e9xitos\u201d, y que \u201cel futuro de M\u00e9xico lo determinamos todas y todos los mexicanos\u201d.<\/p>\n<p>En el marco de la evaluaci\u00f3n de los avances en la ejecuci\u00f3n del citado acuerdo a ocho meses de su puesta en marcha, Pe\u00f1a Nieto llam\u00f3 a converger los esfuerzos de los distintos \u00e1mbitos de la sociedad \u201cpara no distraernos en el rumbo esperanzador para el pa\u00eds\u201d.<\/p>\n<p>\u201cHemos constatado que es el camino correcto, el desafiante entorno internacional nos ha puesto a prueba. Hoy queda claro que somos un pa\u00eds mejor preparado, m\u00e1s fuerte y sobretodo m\u00e1s unido\u201d, resalt\u00f3 el presidente. \u201cLos mexicanos sabemos que solamente trabajando con responsabilidad, con oportunidad y sobre todo en unidad podemos vencer las adversidades, ese es el camino que emprendimos en el 2012\u201d, indic\u00f3 durante el acto en el que se anunci\u00f3 el inicio de operaciones de la Bolsa Institucional de Valores (BIVA).<\/p>\n<p>En el evento realizado en el Patio de Honor de Palacio Nacional, apunt\u00f3 que en la historia del pa\u00eds se han presentado retos que nos han puesto a prueba, \u201cde todos ellos hemos aprendido una importante lecci\u00f3n: s\u00f3lo en unidad podemos superar los obst\u00e1culos que se nos presenten, y s\u00f3lo en unidad podemos salir adelante\u201d.<\/p>\n<p>El Ejecutivo federal afirm\u00f3 que el establecimiento de las relaciones constructivas con el nuevo gobierno de Estados Unidos tambi\u00e9n ha sido un tema relevante en la agenda mundial.<\/p>\n","protected":false},"excerpt":{"rendered":"<p>El presidente, Enrique Pe\u00f1a Nieto, asegur\u00f3 que en el \u00faltimo a\u00f1o de su gobierno la inversi\u00f3n extranjera directa registr\u00f3 una cifra hist\u00f3rica de 156 mil millones de d\u00f3lares, \u201cpor primera vez en la historia de M\u00e9xico que se alcanza esta cifra en una sola administraci\u00f3n \u201c.<\/p>\n","protected":false},"author":5,"featured_media":341850,"comment_status":"open","ping_status":"open","sticky":false,"template":"","format":"standard","meta":{"_monsterinsights_skip_tracking":false,"_monsterinsights_sitenote_active":false,"_monsterinsights_sitenote_note":"","_monsterinsights_sitenote_category":0,"footnotes":""},"categories":[8],"tags":[46919,64815,1716,64816,5247,64814,43673],"class_list":["post-341849","post","type-post","status-publish","format-standard","has-post-thumbnail","hentry","category-finanzas","tag-destaca","tag-economia-familiar","tag-epn","tag-fortalecimiento-economico","tag-inversion","tag-inversion-historica","tag-nacional"],"_links":{"self":[{"href":"https:\/\/www.diarioimagen.net\/index.php?rest_route=\/wp\/v2\/posts\/341849","targetHints":{"allow":["GET"]}}],"collection":[{"href":"https:\/\/www.diarioimagen.net\/index.php?rest_route=\/wp\/v2\/posts"}],"about":[{"href":"https:\/\/www.diarioimagen.net\/index.php?rest_route=\/wp\/v2\/types\/post"}],"author":[{"embeddable":true,"href":"https:\/\/www.diarioimagen.net\/index.php?rest_route=\/wp\/v2\/users\/5"}],"replies":[{"embeddable":true,"href":"https:\/\/www.diarioimagen.net\/index.php?rest_route=%2Fwp%2Fv2%2Fcomments&post=341849"}],"version-history":[{"count":0,"href":"https:\/\/www.diarioimagen.net\/index.php?rest_route=\/wp\/v2\/posts\/341849\/revisions"}],"wp:featuredmedia":[{"embeddable":true,"href":"https:\/\/www.diarioimagen.net\/index.php?rest_route=\/wp\/v2\/media\/341850"}],"wp:attachment":[{"href":"https:\/\/www.diarioimagen.net\/index.php?rest_route=%2Fwp%2Fv2%2Fmedia&parent=341849"}],"wp:term":[{"taxonomy":"category","embeddable":true,"href":"https:\/\/www.diarioimagen.net\/index.php?rest_route=%2Fwp%2Fv2%2Fcategories&post=341849"},{"taxonomy":"post_tag","embeddable":true,"href":"https:\/\/www.diarioimagen.net\/index.php?rest_route=%2Fwp%2Fv2%2Ftags&post=341849"}],"curies":[{"name":"wp","href":"https:\/\/api.w.org\/{rel}","templated":true}]}}