{"id":342030,"date":"2017-08-31T00:11:23","date_gmt":"2017-08-31T05:11:23","guid":{"rendered":"http:\/\/www.diarioimagen.net\/?p=342030"},"modified":"2017-08-31T00:39:57","modified_gmt":"2017-08-31T05:39:57","slug":"se-reduce-3-4-cifra-de-mexicanos-en-pobreza-coneval","status":"publish","type":"post","link":"https:\/\/www.diarioimagen.net\/?p=342030","title":{"rendered":"Salieron de la pobreza 1.9 millones de mexicanos"},"content":{"rendered":"<ul>\n<li><strong><em>Informe Coneval<\/em><\/strong><\/li>\n<\/ul>\n<p>&nbsp;<\/p>\n<div id=\"attachment_342031\" style=\"width: 470px\" class=\"wp-caption aligncenter\"><img loading=\"lazy\" decoding=\"async\" aria-describedby=\"caption-attachment-342031\" class=\"size-large wp-image-342031\" src=\"http:\/\/www.diarioimagen.net\/wp-content\/uploads\/2017\/08\/POBREZA-portal-460x268.jpg\" alt=\"\" width=\"460\" height=\"268\" srcset=\"https:\/\/www.diarioimagen.net\/wp-content\/uploads\/2017\/08\/POBREZA-portal-460x268.jpg 460w, https:\/\/www.diarioimagen.net\/wp-content\/uploads\/2017\/08\/POBREZA-portal-240x140.jpg 240w, https:\/\/www.diarioimagen.net\/wp-content\/uploads\/2017\/08\/POBREZA-portal.jpg 480w\" sizes=\"auto, (max-width: 460px) 100vw, 460px\" \/><p id=\"caption-attachment-342031\" class=\"wp-caption-text\">El n\u00famero de mexicanos en situaci\u00f3n de pobreza descendi\u00f3 de 55.3 millones de personas a 53.4 millones de personas.<\/p><\/div>\n<p>&nbsp;<\/p>\n<p>En los \u00faltimos dos a\u00f1os, el n\u00famero de personas en situaci\u00f3n de pobreza descendi\u00f3 de 55 millones 341 mil 556 personas a 53 millones 418 mil 151 personas, lo que significa un avance de 3.4 por ciento en combate a la pobreza en el pa\u00eds.<\/p>\n<p>As\u00ed lo revel\u00f3 el secretario ejecutivo del Consejo Nacional de Evaluaci\u00f3n de la Pol\u00edtica de Desarrollo Social (Coneval), Gonzalo Hern\u00e1ndez Licona, al presentar ayer mi\u00e9rcoles el \u00cdndice de Pobreza de 2014 a 2016 en M\u00e9xico.<\/p>\n<p>En conferencia de prensa, detall\u00f3 que el porcentaje de la poblaci\u00f3n que se encuentra en situaci\u00f3n de pobreza disminuy\u00f3 de 46.2 por ciento hace dos a\u00f1os, a 43.6 por ciento.<\/p>\n<p>Revel\u00f3 que el n\u00famero de personas en situaci\u00f3n de pobreza extrema decreci\u00f3 de 11 millones 442 ml 303 personas en 2014, a nueve millones 375 mil 581 personas el a\u00f1o pasado, aunque prevalece la brecha existente entre la pobreza de la gente que vive en zonas urbanas respecto a la poblaci\u00f3n rural.<\/p>\n<p>Ello se debe a que del total de la poblaci\u00f3n en condici\u00f3n de pobreza, el 58.2 por ciento es rural, y de la cual 17.4 por ciento vive situaci\u00f3n de pobreza extrema, mientras que el 39.2 por ciento es urbana, de la que 4.7 por ciento est\u00e1 en pobreza extrema.<\/p>\n<p>Lo mismo ocurre en cuanto a la poblaci\u00f3n ind\u00edgena y no ind\u00edgena, ya que del primer grupo, el 77.6 por ciento vive en situaci\u00f3n de pobreza y el 41 por ciento es poblaci\u00f3n no ind\u00edgena, lo que revela que todav\u00eda falta mucho por hacer en esta materia, indic\u00f3.<\/p>\n<p>En cuanto a la evoluci\u00f3n que ha tenido la pobreza de 2010 a 2016, expuso que el n\u00famero de personas en esta situaci\u00f3n en 2016, fue menor al de 2014, aunque la cifra contin\u00faa siendo mayor a la de 2012, cuando se registraron 53.3 millones de personas y que en 2010 cuando fueron 52.3 millones.<\/p>\n<p>Explic\u00f3 que parte de esta situaci\u00f3n se debe a diversos factores entre los que destaca precisamente la inflaci\u00f3n y el mismo crecimiento poblacional que ha tenido el pa\u00eds.<\/p>\n","protected":false},"excerpt":{"rendered":"<p>En los \u00faltimos dos a\u00f1os, el n\u00famero de personas en situaci\u00f3n de pobreza descendi\u00f3 de 55 millones 341 mil 556 personas a 53 millones 418 mil 151 personas, lo que significa un avance de 3.4 por ciento en combate a la pobreza en el pa\u00eds.<\/p>\n","protected":false},"author":5,"featured_media":342031,"comment_status":"open","ping_status":"open","sticky":false,"template":"","format":"standard","meta":{"_monsterinsights_skip_tracking":false,"_monsterinsights_sitenote_active":false,"_monsterinsights_sitenote_note":"","_monsterinsights_sitenote_category":0,"footnotes":""},"categories":[8],"tags":[64878,191,43678,64879,2421],"class_list":["post-342030","post","type-post","status-publish","format-standard","has-post-thumbnail","hentry","category-finanzas","tag-3-4-cifra-de-mexicanos","tag-coneval","tag-finanzas","tag-gonzalo-hernandez-licona","tag-pobreza"],"_links":{"self":[{"href":"https:\/\/www.diarioimagen.net\/index.php?rest_route=\/wp\/v2\/posts\/342030","targetHints":{"allow":["GET"]}}],"collection":[{"href":"https:\/\/www.diarioimagen.net\/index.php?rest_route=\/wp\/v2\/posts"}],"about":[{"href":"https:\/\/www.diarioimagen.net\/index.php?rest_route=\/wp\/v2\/types\/post"}],"author":[{"embeddable":true,"href":"https:\/\/www.diarioimagen.net\/index.php?rest_route=\/wp\/v2\/users\/5"}],"replies":[{"embeddable":true,"href":"https:\/\/www.diarioimagen.net\/index.php?rest_route=%2Fwp%2Fv2%2Fcomments&post=342030"}],"version-history":[{"count":0,"href":"https:\/\/www.diarioimagen.net\/index.php?rest_route=\/wp\/v2\/posts\/342030\/revisions"}],"wp:featuredmedia":[{"embeddable":true,"href":"https:\/\/www.diarioimagen.net\/index.php?rest_route=\/wp\/v2\/media\/342031"}],"wp:attachment":[{"href":"https:\/\/www.diarioimagen.net\/index.php?rest_route=%2Fwp%2Fv2%2Fmedia&parent=342030"}],"wp:term":[{"taxonomy":"category","embeddable":true,"href":"https:\/\/www.diarioimagen.net\/index.php?rest_route=%2Fwp%2Fv2%2Fcategories&post=342030"},{"taxonomy":"post_tag","embeddable":true,"href":"https:\/\/www.diarioimagen.net\/index.php?rest_route=%2Fwp%2Fv2%2Ftags&post=342030"}],"curies":[{"name":"wp","href":"https:\/\/api.w.org\/{rel}","templated":true}]}}