{"id":342039,"date":"2017-08-31T00:07:54","date_gmt":"2017-08-31T05:07:54","guid":{"rendered":"http:\/\/www.diarioimagen.net\/?p=342039"},"modified":"2017-08-31T01:58:55","modified_gmt":"2017-08-31T06:58:55","slug":"lanza-u2-nuevo-tema-the-blackout","status":"publish","type":"post","link":"https:\/\/www.diarioimagen.net\/?p=342039","title":{"rendered":"Lanza U2 nuevo tema \u201cThe Blackout\u201d"},"content":{"rendered":"<ul>\n<li><em><strong>Forma parte de su pr\u00f3ximo \u00e1lbum Songs of Experience<\/strong><\/em><\/li>\n<\/ul>\n<p>&nbsp;<\/p>\n<div id=\"attachment_342040\" style=\"width: 470px\" class=\"wp-caption aligncenter\"><img loading=\"lazy\" decoding=\"async\" aria-describedby=\"caption-attachment-342040\" class=\"size-large wp-image-342040\" src=\"http:\/\/www.diarioimagen.net\/wp-content\/uploads\/2017\/08\/U2-portal-460x268.jpg\" alt=\"\" width=\"460\" height=\"268\" srcset=\"https:\/\/www.diarioimagen.net\/wp-content\/uploads\/2017\/08\/U2-portal-460x268.jpg 460w, https:\/\/www.diarioimagen.net\/wp-content\/uploads\/2017\/08\/U2-portal-240x140.jpg 240w, https:\/\/www.diarioimagen.net\/wp-content\/uploads\/2017\/08\/U2-portal.jpg 480w\" sizes=\"auto, (max-width: 460px) 100vw, 460px\" \/><p id=\"caption-attachment-342040\" class=\"wp-caption-text\">U2 estren\u00f3 el tema \u201cThe Blackout\u201d, que forma parte de su pr\u00f3ximo \u00e1lbum Songs of Experience.<\/p><\/div>\n<p>&nbsp;<\/p>\n<p>El grupo U2 estren\u00f3 ayer mi\u00e9rcoles el tema \u201cThe Blackout\u201d, que forma parte de su pr\u00f3ximo \u00e1lbum de estudio, <em>Songs of Experience<\/em>.<\/p>\n<p>La agrupaci\u00f3n public\u00f3 la canci\u00f3n en su <em>Facebook<\/em> oficial junto con un video oficial en blanco y negro que, seg\u00fan el sitio u2gigs.com, fue filmado el 28 de julio en Amsterdam.<\/p>\n<p>Aunque \u00e9sta es la primera pista publicada del nuevo \u00e1lbum, no es su primer sencillo. Ese t\u00edtulo le corresponder\u00e1 a \u201cYou\u2019re The Best Thing About Me\u201d, tema que estar\u00e1 disponible la pr\u00f3xima semana.<\/p>\n<p>A\u00fan se desconoce la fecha de lanzamiento de Songs of Experience, pero U2 prometi\u00f3 ofrecer m\u00e1s detalles del proyecto el 6 de septiembre.<\/p>\n<p>La banda irlandesa actualmente se encuentra en un descanso de su gira Joshua Tree Tour 2017, que reanudar\u00e1 este domingo en Detroit, Michigan.<\/p>\n<p><strong>Fans encender\u00e1n el Foro Sol<\/strong><\/p>\n<p>Varios clubes de fans mexicanos de U2 pretenden \u201cencender\u201d el Foro Sol, los pr\u00f3ximos 3 y 4 de octubre, cuando la banda irlandesa regrese a actuar al lugar que no pisaba desde hace 20 a\u00f1os durante su gira mundial Pop Mart Tour, donde, por cierto, el p\u00fablico nacional de una manera espont\u00e1nea impresion\u00f3 a Bono y The Edge al prender al un\u00edsono sus intermitentes luces de encendedores en dos de los temas m\u00e1s emblem\u00e1ticos de la alineaci\u00f3n irlandesa, \u201cNew Year\u2019s Day\u201d y \u201cWith Or Without You\u201d.<\/p>\n<p>Mediante la campa\u00f1a Iluminemos el Foro Sol se pretende, mediante las redes sociales y en espec\u00edfico <em>Facebook<\/em>, que la audiencia haga una reminiscencia de c\u00f3mo la gente de la \u00faltima d\u00e9cada del siglo 20 participaba en los conciertos, y as\u00ed la generaci\u00f3n millennial se sume y guarde sus smartphones para usar los encendedores y otra vez demostrarle a U2 que aqu\u00ed el show tambi\u00e9n lo hace el p\u00fablico en la cancha y las tribunas durante la realizaci\u00f3n de U2 The Joshua Tree Tour en el inmueble de la Magdalena Mixhuca.<\/p>\n<p>El memorable show de luces que la audiencia mexicana realiz\u00f3 el 2 y 3 de diciembre de 1997, en el Foro Sol, incluso es una de las cinco m\u00e1s grandes experiencias esc\u00e9nicas que Bono ha confesado recordar con emoci\u00f3n.<\/p>\n<p>La anterior visita a M\u00e9xico de U2 se remonta a 2011, con su 360\u00b0 Tour, que escenific\u00f3 el 11, 14 y 15 de mayo en el Estadio Azteca, donde la gente particip\u00f3 en el show con sus luminosos tel\u00e9fonos m\u00f3viles.<\/p>\n<p>En la iniciativa Iluminemos el Foro Sol se han sumado una comunidad de cinco club de fans mexicanos, compuesta por U2 Wide Awake In Mexico; U2 Por Sus Fans M\u00e9xico; U2 Camp Forever; U2mx y U2 Family M\u00e9xico. Adem\u00e1s varias marcas patrocinadoras ya se manifestaron a favor de la campa\u00f1a.<\/p>\n","protected":false},"excerpt":{"rendered":"<p>El grupo U2 estren\u00f3 ayer mi\u00e9rcoles el tema \u201cThe Blackout\u201d, que forma parte de su pr\u00f3ximo \u00e1lbum de estudio, <em>Songs of Experience<\/em>. La agrupaci\u00f3n public\u00f3 la canci\u00f3n en su <em>Facebook<\/em> oficial junto con un video oficial en blanco y negro que, seg\u00fan el sitio u2gigs.com, fue filmado el 28 de julio en Amsterdam.<\/p>\n","protected":false},"author":5,"featured_media":342040,"comment_status":"open","ping_status":"open","sticky":false,"template":"","format":"standard","meta":{"_monsterinsights_skip_tracking":false,"_monsterinsights_sitenote_active":false,"_monsterinsights_sitenote_note":"","_monsterinsights_sitenote_category":0,"footnotes":""},"categories":[12],"tags":[63703,43682,2299,63704,64888,544,64887,64889],"class_list":["post-342039","post","type-post","status-publish","format-standard","has-post-thumbnail","hentry","category-espectaculos","tag-detroit","tag-espectaculos","tag-foro-sol","tag-michigan","tag-songs-of-experience","tag-u2","tag-the-blackout","tag-youre-the-best-thing-about-me"],"_links":{"self":[{"href":"https:\/\/www.diarioimagen.net\/index.php?rest_route=\/wp\/v2\/posts\/342039","targetHints":{"allow":["GET"]}}],"collection":[{"href":"https:\/\/www.diarioimagen.net\/index.php?rest_route=\/wp\/v2\/posts"}],"about":[{"href":"https:\/\/www.diarioimagen.net\/index.php?rest_route=\/wp\/v2\/types\/post"}],"author":[{"embeddable":true,"href":"https:\/\/www.diarioimagen.net\/index.php?rest_route=\/wp\/v2\/users\/5"}],"replies":[{"embeddable":true,"href":"https:\/\/www.diarioimagen.net\/index.php?rest_route=%2Fwp%2Fv2%2Fcomments&post=342039"}],"version-history":[{"count":0,"href":"https:\/\/www.diarioimagen.net\/index.php?rest_route=\/wp\/v2\/posts\/342039\/revisions"}],"wp:featuredmedia":[{"embeddable":true,"href":"https:\/\/www.diarioimagen.net\/index.php?rest_route=\/wp\/v2\/media\/342040"}],"wp:attachment":[{"href":"https:\/\/www.diarioimagen.net\/index.php?rest_route=%2Fwp%2Fv2%2Fmedia&parent=342039"}],"wp:term":[{"taxonomy":"category","embeddable":true,"href":"https:\/\/www.diarioimagen.net\/index.php?rest_route=%2Fwp%2Fv2%2Fcategories&post=342039"},{"taxonomy":"post_tag","embeddable":true,"href":"https:\/\/www.diarioimagen.net\/index.php?rest_route=%2Fwp%2Fv2%2Ftags&post=342039"}],"curies":[{"name":"wp","href":"https:\/\/api.w.org\/{rel}","templated":true}]}}