{"id":342069,"date":"2017-08-31T00:10:17","date_gmt":"2017-08-31T05:10:17","guid":{"rendered":"http:\/\/www.diarioimagen.net\/?p=342069"},"modified":"2017-08-31T04:46:00","modified_gmt":"2017-08-31T09:46:00","slug":"nos-paramos-de-la-mesa-si-trump-cumple-amenaza","status":"publish","type":"post","link":"https:\/\/www.diarioimagen.net\/?p=342069","title":{"rendered":"\u201cNos paramos de la mesa si Trump cumple amenaza\u201d"},"content":{"rendered":"<ul>\n<li><strong><em>Videgaray conf\u00eda en la renegociaci\u00f3n del TLCAN<\/em><\/strong><\/li>\n<\/ul>\n<p>&nbsp;<\/p>\n<div id=\"attachment_342145\" style=\"width: 470px\" class=\"wp-caption aligncenter\"><a href=\"http:\/\/www.diarioimagen.net\/?attachment_id=342145\" rel=\"attachment wp-att-342145\"><img loading=\"lazy\" decoding=\"async\" aria-describedby=\"caption-attachment-342145\" class=\"size-large wp-image-342145\" src=\"http:\/\/www.diarioimagen.net\/wp-content\/uploads\/2017\/08\/tlc-3197-460x259.jpg\" alt=\"\" width=\"460\" height=\"259\" srcset=\"https:\/\/www.diarioimagen.net\/wp-content\/uploads\/2017\/08\/tlc-3197-460x259.jpg 460w, https:\/\/www.diarioimagen.net\/wp-content\/uploads\/2017\/08\/tlc-3197-240x135.jpg 240w, https:\/\/www.diarioimagen.net\/wp-content\/uploads\/2017\/08\/tlc-3197-235x132.jpg 235w, https:\/\/www.diarioimagen.net\/wp-content\/uploads\/2017\/08\/tlc-3197-202x114.jpg 202w, https:\/\/www.diarioimagen.net\/wp-content\/uploads\/2017\/08\/tlc-3197-350x196.jpg 350w, https:\/\/www.diarioimagen.net\/wp-content\/uploads\/2017\/08\/tlc-3197-220x123.jpg 220w, https:\/\/www.diarioimagen.net\/wp-content\/uploads\/2017\/08\/tlc-3197-237x132.jpg 237w, https:\/\/www.diarioimagen.net\/wp-content\/uploads\/2017\/08\/tlc-3197.jpg 480w\" sizes=\"auto, (max-width: 460px) 100vw, 460px\" \/><\/a><p id=\"caption-attachment-342145\" class=\"wp-caption-text\">El canciller Luis Videgaray sostuvo un encuentro en Washington con el secretario estadunidense de Estado, Rex Tillerson.<\/p><\/div>\n<p>&nbsp;<\/p>\n<p>El secretario de Relaciones Exteriores, Luis Videgaray, confi\u00f3 en un desenlace en la renegociaci\u00f3n del TLCAN entre M\u00e9xico, Estados Unidos y Canad\u00e1, pero dijo que su pa\u00eds no continuar\u00e1 en la mesa si el presidente estadunidense Donald Trump inicia la terminaci\u00f3n del acuerdo.<\/p>\n<p>\u201cCreemos que no ser\u00eda una ruta correcta, una ruta viable, dar por terminado el tratado justo en un momento de renegociaci\u00f3n\u201d, respondi\u00f3 el canciller mexicano, a pregunta sobre esa posibilidad, luego de su encuentro con el secretario estadunidense de Estado, Rex Tillerson.<\/p>\n<p>No obstante, el jefe de la diplomacia mexicana extern\u00f3 su optimismo tras reunirse con altos miembros del gabinete de Trump, incluidos sus negociadores comerciales para la modernizaci\u00f3n del Tratado de Libre Comercio de Am\u00e9rica del Norte (TLCAN).<\/p>\n<p>\u201cSi el resultado de las negociaciones no es ben\u00e9fico para M\u00e9xico, por supuesto M\u00e9xico no habr\u00e1 de continuar, pero creemos que podemos llegar a una buena negociaci\u00f3n para M\u00e9xico y tambi\u00e9n para las otras parte, pero no estamos ah\u00ed todav\u00eda\u201d, subray\u00f3.<\/p>\n<p>Poco antes, durante un acto en Missouri, el presidente estadunidense volvi\u00f3 a reiterar la posibilidad de salir del TLCAN, al cual se refiri\u00f3 como un acuerdo \u201chorrible\u201d, y recalc\u00f3: \u201cM\u00e9xico no est\u00e1 feliz\u2026 Ojal\u00e1 podamos renegociarlo, pero si no podemos, vamos a terminarlo y empezaremos de cero con un acuerdo real\u201d.<\/p>\n<p>Videgaray, quien viaj\u00f3 a Washington junto con el secretario de Econom\u00eda, Ildefonso Guajardo, reconoci\u00f3 que la renegociaci\u00f3n del TLCAN, que inici\u00f3 el pasado 16 de agosto en Washington con una primera ronda de discusiones, no necesariamente es un proceso sencillo.<\/p>\n<p>\u201cEs un proceso complejo, son 26 mesas de negociaciones simult\u00e1neas, hay temas en los cuales encontraremos r\u00e1pidamente acuerdos. Otros temas requerir\u00e1n m\u00e1s trabajo (pero) estamos profundamente comprometidos a una renegociaci\u00f3n conforme al proceso establecido, y por supuesto de manera constructiva\u201d, dijo.<\/p>\n<p>Sobre la reacci\u00f3n de M\u00e9xico a los pronunciamientos que ha hecho Trump en contra del TLCAN a trav\u00e9s de <em>Twitter<\/em>, donde ha insisti\u00f3 en la probable terminaci\u00f3n del acuerdo y en que M\u00e9xico pagar\u00e1 el muro en la frontera, el canciller mexicano se\u00f1al\u00f3 que la posici\u00f3n de M\u00e9xico ha sido clara.<\/p>\n<p>\u201cEl gobierno mexicano no va a negociar, ni el NAFTA ni ning\u00fan otro tema bilateral, a trav\u00e9s de los medios de comunicaci\u00f3n o de las redes sociales\u201d, se\u00f1al\u00f3 ante los periodistas.<\/p>\n<p>Videgaray y Guajardo se reunieron con el secretario estadunidense de Comercio, Wilbur Ross; el representante Comercial de la Casa Blanca, Robert Lighthizer, y Jared Kushner, asesor especial de la Casa Blanca.<\/p>\n<p>Los dos funcionarios mexicanos revisaron de manera general la relaci\u00f3n comercial entre M\u00e9xico y Estados Unidos y el estado que guarda proceso de modernizaci\u00f3n del TLCAN.<\/p>\n<p>Asimismo, revisaron los avances de la primera ronda de negociaciones, llevada a cabo en Washington, y acordaron seguir impulsando la modernizaci\u00f3n del TLCAN, cuya segunda ronda de negociaciones se celebrar\u00e1 en la Ciudad de M\u00e9xico, del 1 al 5 de septiembre. Durante su encuentro con Tillerson, el funcionario estadounidense agradeci\u00f3 a Videgaray la ayuda de M\u00e9xico a Texas con motivo de la devastaci\u00f3n causada por la tormenta <em>Harvey<\/em>.<\/p>\n<p>\u201cMuy generoso de M\u00e9xico de ofrecer ayuda en estos momentos tan desafiantes para nuestros ciudadanos en Texas\u201d, dijo Tillerson, acompa\u00f1ado por Videgaray, antes del inicio de su encuentro bilateral.<\/p>\n<p>\u201cEstamos aqu\u00ed para ayudar. Somos vecinos, somos amigos y eso es lo que hacen los amigos\u201d, dijo Videgaray.<\/p>\n","protected":false},"excerpt":{"rendered":"<p>El secretario de Relaciones Exteriores, Luis Videgaray, confi\u00f3 en un desenlace en la renegociaci\u00f3n del TLCAN entre M\u00e9xico, Estados Unidos y Canad\u00e1, pero dijo que su pa\u00eds no continuar\u00e1 en la mesa si el presidente estadunidense Donald Trump inicia la terminaci\u00f3n del acuerdo.<\/p>\n","protected":false},"author":3,"featured_media":342145,"comment_status":"open","ping_status":"open","sticky":false,"template":"","format":"standard","meta":{"_monsterinsights_skip_tracking":false,"_monsterinsights_sitenote_active":false,"_monsterinsights_sitenote_note":"","_monsterinsights_sitenote_category":0,"footnotes":""},"categories":[8],"tags":[41813,1275,43678,7517,64908],"class_list":["post-342069","post","type-post","status-publish","format-standard","has-post-thumbnail","hentry","category-finanzas","tag-donald-trump","tag-economia","tag-finanzas","tag-luis-videgaray-caso","tag-tlcam"],"_links":{"self":[{"href":"https:\/\/www.diarioimagen.net\/index.php?rest_route=\/wp\/v2\/posts\/342069","targetHints":{"allow":["GET"]}}],"collection":[{"href":"https:\/\/www.diarioimagen.net\/index.php?rest_route=\/wp\/v2\/posts"}],"about":[{"href":"https:\/\/www.diarioimagen.net\/index.php?rest_route=\/wp\/v2\/types\/post"}],"author":[{"embeddable":true,"href":"https:\/\/www.diarioimagen.net\/index.php?rest_route=\/wp\/v2\/users\/3"}],"replies":[{"embeddable":true,"href":"https:\/\/www.diarioimagen.net\/index.php?rest_route=%2Fwp%2Fv2%2Fcomments&post=342069"}],"version-history":[{"count":0,"href":"https:\/\/www.diarioimagen.net\/index.php?rest_route=\/wp\/v2\/posts\/342069\/revisions"}],"wp:featuredmedia":[{"embeddable":true,"href":"https:\/\/www.diarioimagen.net\/index.php?rest_route=\/wp\/v2\/media\/342145"}],"wp:attachment":[{"href":"https:\/\/www.diarioimagen.net\/index.php?rest_route=%2Fwp%2Fv2%2Fmedia&parent=342069"}],"wp:term":[{"taxonomy":"category","embeddable":true,"href":"https:\/\/www.diarioimagen.net\/index.php?rest_route=%2Fwp%2Fv2%2Fcategories&post=342069"},{"taxonomy":"post_tag","embeddable":true,"href":"https:\/\/www.diarioimagen.net\/index.php?rest_route=%2Fwp%2Fv2%2Ftags&post=342069"}],"curies":[{"name":"wp","href":"https:\/\/api.w.org\/{rel}","templated":true}]}}