{"id":342232,"date":"2017-09-01T00:06:02","date_gmt":"2017-09-01T05:06:02","guid":{"rendered":"http:\/\/www.diarioimagen.net\/?p=342232"},"modified":"2017-09-01T05:00:52","modified_gmt":"2017-09-01T10:00:52","slug":"bad-bunny-deleitara-a-sus-compatriotas-en-el-trap-kingz","status":"publish","type":"post","link":"https:\/\/www.diarioimagen.net\/?p=342232","title":{"rendered":"Bad Bunny deleitar\u00e1 a sus compatriotas en el \u2018Trap Kingz\u2019"},"content":{"rendered":"<ul>\n<li><em><strong>Considerado en la actualidad como la gran estrella del trap<\/strong><\/em><\/li>\n<li><em><strong>Arc\u00e1ngel, De La Ghetto, Farruko, J Balvin y Nicky Jam tambi\u00e9n forman parte del cartel<\/strong><\/em><\/li>\n<\/ul>\n<p>&nbsp;<\/p>\n<div id=\"attachment_342233\" style=\"width: 470px\" class=\"wp-caption aligncenter\"><img loading=\"lazy\" decoding=\"async\" aria-describedby=\"caption-attachment-342233\" class=\"size-large wp-image-342233\" src=\"http:\/\/www.diarioimagen.net\/wp-content\/uploads\/2017\/08\/BadBunny-portal-460x268.jpg\" alt=\"\" width=\"460\" height=\"268\" srcset=\"https:\/\/www.diarioimagen.net\/wp-content\/uploads\/2017\/08\/BadBunny-portal-460x268.jpg 460w, https:\/\/www.diarioimagen.net\/wp-content\/uploads\/2017\/08\/BadBunny-portal-240x140.jpg 240w, https:\/\/www.diarioimagen.net\/wp-content\/uploads\/2017\/08\/BadBunny-portal.jpg 480w\" sizes=\"auto, (max-width: 460px) 100vw, 460px\" \/><p id=\"caption-attachment-342233\" class=\"wp-caption-text\">El puertorrique\u00f1o Bad Bunny regresa a su pa\u00eds natal para agasajar a sus compatriotas en un concierto especial.<\/p><\/div>\n<p>&nbsp;<\/p>\n<p>El cantante puertorrique\u00f1o Bad Bunny, considerado en la actualidad como la gran estrella del trap y revelaci\u00f3n de la m\u00fasica urbana, regresa a su pa\u00eds natal para agasajar a sus compatriotas en el concierto especial \u201cTrap Kingz\u201d.<\/p>\n<p>El espect\u00e1culo se llevar\u00e1 a cabo el 12 de octubre en el Centro de Convenciones de Puerto Rico y ser\u00e1 apto para el p\u00fablico de todas las edades. Los boletos ya est\u00e1n a la venta, se inform\u00f3 en un comunicado.<\/p>\n<p>Adem\u00e1s del \u201cconejo malo\u201d, en el \u201cTrap Kingz\u201d subir\u00e1n al escenario Farruko, J Balvin, Nicky Jam, Arc\u00e1ngel, De La Ghetto, Almighty, DJ Luian y Noriel, por mencionar algunos.<\/p>\n<p>Sin duda, Bad Bunny se ha convertido en la cabeza del movimiento del trap latino, prueba de ello es que tambi\u00e9n lidera el cartel de Frontera, Festival Latinoamericano de Artes y M\u00fasica, que se llevar\u00e1 a cabo en noviembre en Chile.<\/p>\n<p>Asimismo, el int\u00e9rprete de \u201cSoy peor\u201d, \u201cAhora me llama\u201d y \u201cSi tu novio te deja sola\u201d, ofrecer\u00e1 dos conciertos en el Luna Park de Argentina en este mes de septiembre.<\/p>\n","protected":false},"excerpt":{"rendered":"<p>El cantante puertorrique\u00f1o Bad Bunny, considerado en la actualidad como la gran estrella del trap y revelaci\u00f3n de la m\u00fasica urbana, regresa a su pa\u00eds natal para agasajar a sus compatriotas en el concierto especial \u201cTrap Kingz\u201d.<\/p>\n","protected":false},"author":5,"featured_media":342233,"comment_status":"open","ping_status":"open","sticky":false,"template":"","format":"standard","meta":{"_monsterinsights_skip_tracking":false,"_monsterinsights_sitenote_active":false,"_monsterinsights_sitenote_note":"","_monsterinsights_sitenote_category":0,"footnotes":""},"categories":[12],"tags":[64932,64930,64933,43682,52564,64934,64931],"class_list":["post-342232","post","type-post","status-publish","format-standard","has-post-thumbnail","hentry","category-espectaculos","tag-arcangel","tag-bad-bunny","tag-de-la-ghetto","tag-espectaculos","tag-farruko","tag-j-balvin-y-nicky-jam","tag-trap-kingz"],"_links":{"self":[{"href":"https:\/\/www.diarioimagen.net\/index.php?rest_route=\/wp\/v2\/posts\/342232","targetHints":{"allow":["GET"]}}],"collection":[{"href":"https:\/\/www.diarioimagen.net\/index.php?rest_route=\/wp\/v2\/posts"}],"about":[{"href":"https:\/\/www.diarioimagen.net\/index.php?rest_route=\/wp\/v2\/types\/post"}],"author":[{"embeddable":true,"href":"https:\/\/www.diarioimagen.net\/index.php?rest_route=\/wp\/v2\/users\/5"}],"replies":[{"embeddable":true,"href":"https:\/\/www.diarioimagen.net\/index.php?rest_route=%2Fwp%2Fv2%2Fcomments&post=342232"}],"version-history":[{"count":0,"href":"https:\/\/www.diarioimagen.net\/index.php?rest_route=\/wp\/v2\/posts\/342232\/revisions"}],"wp:featuredmedia":[{"embeddable":true,"href":"https:\/\/www.diarioimagen.net\/index.php?rest_route=\/wp\/v2\/media\/342233"}],"wp:attachment":[{"href":"https:\/\/www.diarioimagen.net\/index.php?rest_route=%2Fwp%2Fv2%2Fmedia&parent=342232"}],"wp:term":[{"taxonomy":"category","embeddable":true,"href":"https:\/\/www.diarioimagen.net\/index.php?rest_route=%2Fwp%2Fv2%2Fcategories&post=342232"},{"taxonomy":"post_tag","embeddable":true,"href":"https:\/\/www.diarioimagen.net\/index.php?rest_route=%2Fwp%2Fv2%2Ftags&post=342232"}],"curies":[{"name":"wp","href":"https:\/\/api.w.org\/{rel}","templated":true}]}}