{"id":342485,"date":"2017-09-04T00:10:22","date_gmt":"2017-09-04T05:10:22","guid":{"rendered":"http:\/\/www.diarioimagen.net\/?p=342485"},"modified":"2017-09-04T06:45:02","modified_gmt":"2017-09-04T11:45:02","slug":"servicios-de-salud-a-otros-2-1-millones-de-mexiquenses","status":"publish","type":"post","link":"https:\/\/www.diarioimagen.net\/?p=342485","title":{"rendered":"Servicios de salud a otros 2.1 millones de mexiquenses"},"content":{"rendered":"<h2>Arco Norte<\/h2>\n<h5>Jos\u00e9 Luis Monta\u00f1ez Aguilar<\/h5>\n<p>&nbsp;<\/p>\n<div id=\"attachment_342566\" style=\"width: 470px\" class=\"wp-caption aligncenter\"><a href=\"http:\/\/www.diarioimagen.net\/?attachment_id=342566\" rel=\"attachment wp-att-342566\"><img loading=\"lazy\" decoding=\"async\" aria-describedby=\"caption-attachment-342566\" class=\"size-large wp-image-342566\" src=\"http:\/\/www.diarioimagen.net\/wp-content\/uploads\/2017\/09\/arco-3199-460x259.jpg\" alt=\"\" width=\"460\" height=\"259\" srcset=\"https:\/\/www.diarioimagen.net\/wp-content\/uploads\/2017\/09\/arco-3199-460x259.jpg 460w, https:\/\/www.diarioimagen.net\/wp-content\/uploads\/2017\/09\/arco-3199-240x135.jpg 240w, https:\/\/www.diarioimagen.net\/wp-content\/uploads\/2017\/09\/arco-3199-235x132.jpg 235w, https:\/\/www.diarioimagen.net\/wp-content\/uploads\/2017\/09\/arco-3199-202x114.jpg 202w, https:\/\/www.diarioimagen.net\/wp-content\/uploads\/2017\/09\/arco-3199-350x196.jpg 350w, https:\/\/www.diarioimagen.net\/wp-content\/uploads\/2017\/09\/arco-3199-220x123.jpg 220w, https:\/\/www.diarioimagen.net\/wp-content\/uploads\/2017\/09\/arco-3199-237x132.jpg 237w, https:\/\/www.diarioimagen.net\/wp-content\/uploads\/2017\/09\/arco-3199.jpg 480w\" sizes=\"auto, (max-width: 460px) 100vw, 460px\" \/><\/a><p id=\"caption-attachment-342566\" class=\"wp-caption-text\">Entregando la Comisi\u00f3n de Salud de la Conago.<\/p><\/div>\n<p>&nbsp;<\/p>\n<p>En el Estado de M\u00e9xico se redujeron en cerca de 50 por ciento los \u00edndices en materia de carencia de salud, de acuerdo con datos del informe del Consejo Nacional de Evaluaci\u00f3n de la Pol\u00edtica de Desarrollo Social (Coneval) que indican que en la entidad, 2 millones 100 mil mexiquenses ahora ya tienen acceso a servicios de salud de calidad, inform\u00f3 el gobernador Eruviel \u00c1vila Villegas durante la reuni\u00f3n de la Conago.<\/p>\n<p>Durante la reuni\u00f3n donde particip\u00f3 el secretario de Salud federal, Jos\u00e9 Narro Robles, y Miguel \u00c1ngel Mancera Espinosa, jefe de gobierno de la Ciudad de M\u00e9xico y presidente de la Conago, Eruviel \u00c1vila reconoci\u00f3 tambi\u00e9n los esfuerzos que se han hecho en este rubro a nivel nacional, ya que en el pa\u00eds se redujo de 29.2 por ciento a 15.5 por ciento la carencia de servicios de salud, lo que representa que 14 millones de mexicanos m\u00e1s tienen acceso a servicios m\u00e9dicos.<\/p>\n<p>El gobernador se\u00f1al\u00f3 que a trav\u00e9s del programa de compras consolidadas en el sector salud, que implement\u00f3 el presidente Enrique Pe\u00f1a Nieto a nivel nacional, en el Edomex se ha tenido un ahorro de mil 225 millones de pesos, recursos que se han utilizado en la construcci\u00f3n de mayor infraestructura y mejoramiento de servicios m\u00e9dicos para la poblaci\u00f3n mexiquense.<\/p>\n<p style=\"text-align: center;\"><strong>Se avanza por la ruta del progreso<\/strong><\/p>\n<p>El gobernador destac\u00f3 que con el presidente Enrique Pe\u00f1a Nieto, la transformaci\u00f3n del pa\u00eds sigue adelante y avanza por la ruta del progreso y el desarrollo, resultado de las acciones que se han puesto en marcha durante sus cinco a\u00f1os de gobierno en rubros como el educativo, de salud, turismo, apoyo al campo, infraestructura vial y carretera, cuidado del medio ambiente, econ\u00f3mico, energ\u00e9tico, entre otros.<\/p>\n<p>En el marco del Quinto Informe de Gobierno del Presidente, el mandatario estatal dijo que el pa\u00eds avanza en unidad y claridad de rumbo, producto de reformas transformadoras que han sentado las bases de progreso y desarrollo como lo demandan los mexicanos. Asimismo, destac\u00f3 las obras que se realizan en equipo en el Estado de M\u00e9xico, que mejorar\u00e1n la movilidad de los mexicanos y los mexiquenses, como lo es el Aeropuerto de M\u00e9xico y el Tren Interurbano M\u00e9xico-Toluca.<\/p>\n<p><em><a href=\"mailto:montanezaguilar@gmail.com\" target=\"_blank\" rel=\"noopener noreferrer\">montanezaguilar@gmail.com<\/a><\/em><\/p>\n","protected":false},"excerpt":{"rendered":"<p><span style=\"color: #005497;\">Jos\u00e9 Luis Monta\u00f1ez Aguilar<\/span><br \/>\n<br \/>\nEn el Estado de M\u00e9xico se redujeron en cerca de 50 por ciento los \u00edndices en materia de carencia de salud, de acuerdo con datos del informe del Consejo Nacional de Evaluaci\u00f3n de la Pol\u00edtica de Desarrollo Social (Coneval) que indican que en la entidad, 2 millones 100 mil mexiquenses ahora ya tienen acceso a servicios de salud de calidad, inform\u00f3 el gobernador Eruviel \u00c1vila Villegas durante la reuni\u00f3n de la Conago.<\/p>\n","protected":false},"author":3,"featured_media":342566,"comment_status":"open","ping_status":"open","sticky":false,"template":"","format":"standard","meta":{"_monsterinsights_skip_tracking":false,"_monsterinsights_sitenote_active":false,"_monsterinsights_sitenote_note":"","_monsterinsights_sitenote_category":0,"footnotes":""},"categories":[5],"tags":[13284,43704,43674],"class_list":["post-342485","post","type-post","status-publish","format-standard","has-post-thumbnail","hentry","category-estado-de-mexico","tag-arco-norte","tag-jose-luis-montanez-aguilar","tag-opinion"],"_links":{"self":[{"href":"https:\/\/www.diarioimagen.net\/index.php?rest_route=\/wp\/v2\/posts\/342485","targetHints":{"allow":["GET"]}}],"collection":[{"href":"https:\/\/www.diarioimagen.net\/index.php?rest_route=\/wp\/v2\/posts"}],"about":[{"href":"https:\/\/www.diarioimagen.net\/index.php?rest_route=\/wp\/v2\/types\/post"}],"author":[{"embeddable":true,"href":"https:\/\/www.diarioimagen.net\/index.php?rest_route=\/wp\/v2\/users\/3"}],"replies":[{"embeddable":true,"href":"https:\/\/www.diarioimagen.net\/index.php?rest_route=%2Fwp%2Fv2%2Fcomments&post=342485"}],"version-history":[{"count":0,"href":"https:\/\/www.diarioimagen.net\/index.php?rest_route=\/wp\/v2\/posts\/342485\/revisions"}],"wp:featuredmedia":[{"embeddable":true,"href":"https:\/\/www.diarioimagen.net\/index.php?rest_route=\/wp\/v2\/media\/342566"}],"wp:attachment":[{"href":"https:\/\/www.diarioimagen.net\/index.php?rest_route=%2Fwp%2Fv2%2Fmedia&parent=342485"}],"wp:term":[{"taxonomy":"category","embeddable":true,"href":"https:\/\/www.diarioimagen.net\/index.php?rest_route=%2Fwp%2Fv2%2Fcategories&post=342485"},{"taxonomy":"post_tag","embeddable":true,"href":"https:\/\/www.diarioimagen.net\/index.php?rest_route=%2Fwp%2Fv2%2Ftags&post=342485"}],"curies":[{"name":"wp","href":"https:\/\/api.w.org\/{rel}","templated":true}]}}