{"id":342506,"date":"2017-09-04T00:09:22","date_gmt":"2017-09-04T05:09:22","guid":{"rendered":"http:\/\/www.diarioimagen.net\/?p=342506"},"modified":"2017-09-04T05:22:44","modified_gmt":"2017-09-04T10:22:44","slug":"inicia-tlalnepantla-programa-para-el-mejoramiento-de-las-comunidades","status":"publish","type":"post","link":"https:\/\/www.diarioimagen.net\/?p=342506","title":{"rendered":"Inicia Tlalnepantla programa para el mejoramiento de las comunidades"},"content":{"rendered":"<ul>\n<li><strong><em>Se atienden las principales necesidades<\/em><\/strong><\/li>\n<\/ul>\n<p>&nbsp;<\/p>\n<div id=\"attachment_342585\" style=\"width: 317px\" class=\"wp-caption alignleft\"><a href=\"http:\/\/www.diarioimagen.net\/?attachment_id=342585\" rel=\"attachment wp-att-342585\"><img loading=\"lazy\" decoding=\"async\" aria-describedby=\"caption-attachment-342585\" class=\"size-large wp-image-342585\" src=\"http:\/\/www.diarioimagen.net\/wp-content\/uploads\/2017\/09\/TLALNEPANTLA-3199-307x460.jpg\" alt=\"\" width=\"307\" height=\"460\" srcset=\"https:\/\/www.diarioimagen.net\/wp-content\/uploads\/2017\/09\/TLALNEPANTLA-3199-307x460.jpg 307w, https:\/\/www.diarioimagen.net\/wp-content\/uploads\/2017\/09\/TLALNEPANTLA-3199-160x240.jpg 160w, https:\/\/www.diarioimagen.net\/wp-content\/uploads\/2017\/09\/TLALNEPANTLA-3199.jpg 467w\" sizes=\"auto, (max-width: 307px) 100vw, 307px\" \/><\/a><p id=\"caption-attachment-342585\" class=\"wp-caption-text\">Denisse Ugalde Alegr\u00eda puso en marcha en la colonia Jorge Jim\u00e9nez Cant\u00fa, el programa Acciones para el Fortalecimiento Comunitario.<\/p><\/div>\n<p><strong>Tlalnepantla, Estado de M\u00e9xico<\/strong>.- La presidenta municipal, Denisse Ugalde Alegr\u00eda, puso en marcha el programa Acciones para el Fortalecimiento Comunitario, a trav\u00e9s del cual se atender\u00e1n las principales necesidades de cada una de las colonias de Tlalnepantla, mejorando as\u00ed la imagen urbana y fomentando una cultura de paz.<\/p>\n<p>Al visitar la colonia Jorge Jim\u00e9nez Cant\u00fa, en la zona oriente, la alcaldesa refrend\u00f3 el compromiso de tener presencia permanente en las comunidades para dar soluci\u00f3n a las peticiones m\u00e1s demandadas.<\/p>\n<p>\u201cHoy estamos de vuelta para que cuadrillas de Servicios Urbanos, del Organismo del Agua OPDM y de Obras P\u00fablicas atiendan los pendientes que hay en las calles y devolver espacios dignos, bien iluminados y seguros a los tlalnepantlenses\u201d, apunt\u00f3 Ugalde Alegr\u00eda.<\/p>\n<p>Inform\u00f3 que mediante este programa municipal, durante tres semanas se trabajar\u00e1 intensamente en cada sector, atendiendo trabajos de poda, bacheo, reparaci\u00f3n de luminarias y rescate de espacios p\u00fablicos.<\/p>\n<p>De igual forma, se efectuar\u00e1n labores de desazolve y reparaci\u00f3n de fugas de agua por parte del OPDM; mientras que Obras P\u00fablicas estar\u00e1 al pendiente de las necesidades de infraestructura que se presentan en cada colonia.<\/p>\n<p>La presidenta municipal a\u00f1adi\u00f3 que por cada sector tambi\u00e9n se realizar\u00e1n cuatro jornadas de Ciudad Amable, en las que se acercar\u00e1n a la ciudadan\u00eda los servicios que ofrece el gobierno local, como salud, catastro, educaci\u00f3n y registro civil, por mencionar algunos.<\/p>\n<p>A trav\u00e9s de Acciones para el Fortalecimiento Comunitario, dijo, tambi\u00e9n se prev\u00e9 llevar a las comunidades eventos culturales que se realizar\u00e1n en la Caja M\u00e1gica, como obras de teatro y espect\u00e1culos musicales.<\/p>\n<p>En representaci\u00f3n de la ciudadan\u00eda, Sergio Mart\u00ednez Sol\u00eds agradeci\u00f3 a la alcaldesa Denisse Ugalde su voluntad para voltear a ver y dar soluci\u00f3n a las problem\u00e1ticas de la Zona Oriente.<\/p>\n<p>\u201cEstuvimos muchos a\u00f1os en el olvido, pero hoy una mujer nos viene a poner el ejemplo de que s\u00ed se quiere, se pueden hacer las cosas y darle un giro a esta zona del municipio\u201d, afirm\u00f3 Sergio Mart\u00ednez.<\/p>\n<p>En este arranque, la presidenta municipal dio el banderazo de salida a las unidades que estar\u00e1n laborando en las comunidades San Isidro y San Jos\u00e9 Ixhuatepec, Constituci\u00f3n de 1917, Lomas de Lindavista, Colinas de San Jos\u00e9, La Petrolera, Bah\u00edas del Copal y Bosques de Lindavista.<\/p>\n","protected":false},"excerpt":{"rendered":"<p>La presidenta municipal, Denisse Ugalde Alegr\u00eda, puso en marcha el programa Acciones para el Fortalecimiento Comunitario, a trav\u00e9s del cual se atender\u00e1n las principales necesidades de cada una de las colonias de Tlalnepantla, mejorando as\u00ed la imagen urbana y fomentando una cultura de paz.<\/p>\n","protected":false},"author":3,"featured_media":342586,"comment_status":"open","ping_status":"open","sticky":false,"template":"","format":"standard","meta":{"_monsterinsights_skip_tracking":false,"_monsterinsights_sitenote_active":false,"_monsterinsights_sitenote_note":"","_monsterinsights_sitenote_category":0,"footnotes":""},"categories":[35155],"tags":[45490,43675,65022,48533,169],"class_list":["post-342506","post","type-post","status-publish","format-standard","has-post-thumbnail","hentry","category-estado-de-mexico-estado-de-mexico","tag-denisse-ugalde-alegria","tag-estado-de-mexico","tag-mejoramiento","tag-programa","tag-tlalnepantla"],"_links":{"self":[{"href":"https:\/\/www.diarioimagen.net\/index.php?rest_route=\/wp\/v2\/posts\/342506","targetHints":{"allow":["GET"]}}],"collection":[{"href":"https:\/\/www.diarioimagen.net\/index.php?rest_route=\/wp\/v2\/posts"}],"about":[{"href":"https:\/\/www.diarioimagen.net\/index.php?rest_route=\/wp\/v2\/types\/post"}],"author":[{"embeddable":true,"href":"https:\/\/www.diarioimagen.net\/index.php?rest_route=\/wp\/v2\/users\/3"}],"replies":[{"embeddable":true,"href":"https:\/\/www.diarioimagen.net\/index.php?rest_route=%2Fwp%2Fv2%2Fcomments&post=342506"}],"version-history":[{"count":0,"href":"https:\/\/www.diarioimagen.net\/index.php?rest_route=\/wp\/v2\/posts\/342506\/revisions"}],"wp:featuredmedia":[{"embeddable":true,"href":"https:\/\/www.diarioimagen.net\/index.php?rest_route=\/wp\/v2\/media\/342586"}],"wp:attachment":[{"href":"https:\/\/www.diarioimagen.net\/index.php?rest_route=%2Fwp%2Fv2%2Fmedia&parent=342506"}],"wp:term":[{"taxonomy":"category","embeddable":true,"href":"https:\/\/www.diarioimagen.net\/index.php?rest_route=%2Fwp%2Fv2%2Fcategories&post=342506"},{"taxonomy":"post_tag","embeddable":true,"href":"https:\/\/www.diarioimagen.net\/index.php?rest_route=%2Fwp%2Fv2%2Ftags&post=342506"}],"curies":[{"name":"wp","href":"https:\/\/api.w.org\/{rel}","templated":true}]}}