{"id":342508,"date":"2017-09-04T00:08:56","date_gmt":"2017-09-04T05:08:56","guid":{"rendered":"http:\/\/www.diarioimagen.net\/?p=342508"},"modified":"2017-09-04T05:23:40","modified_gmt":"2017-09-04T10:23:40","slug":"festeja-el-gobierno-de-tultitlan-a-mas-de-mil-500-adultos-mayores","status":"publish","type":"post","link":"https:\/\/www.diarioimagen.net\/?p=342508","title":{"rendered":"Festeja el gobierno de Tultitl\u00e1n a m\u00e1s de mil 500 adultos mayores"},"content":{"rendered":"<ul>\n<li><strong><em>Consienten al pilar de la familia<\/em><\/strong><\/li>\n<\/ul>\n<p>&nbsp;<\/p>\n<div id=\"attachment_342589\" style=\"width: 470px\" class=\"wp-caption aligncenter\"><a href=\"http:\/\/www.diarioimagen.net\/?attachment_id=342589\" rel=\"attachment wp-att-342589\"><img loading=\"lazy\" decoding=\"async\" aria-describedby=\"caption-attachment-342589\" class=\"size-large wp-image-342589\" src=\"http:\/\/www.diarioimagen.net\/wp-content\/uploads\/2017\/09\/TULTITLAN-3199-460x259.jpg\" alt=\"\" width=\"460\" height=\"259\" srcset=\"https:\/\/www.diarioimagen.net\/wp-content\/uploads\/2017\/09\/TULTITLAN-3199-460x259.jpg 460w, https:\/\/www.diarioimagen.net\/wp-content\/uploads\/2017\/09\/TULTITLAN-3199-240x135.jpg 240w, https:\/\/www.diarioimagen.net\/wp-content\/uploads\/2017\/09\/TULTITLAN-3199-235x132.jpg 235w, https:\/\/www.diarioimagen.net\/wp-content\/uploads\/2017\/09\/TULTITLAN-3199-202x114.jpg 202w, https:\/\/www.diarioimagen.net\/wp-content\/uploads\/2017\/09\/TULTITLAN-3199-350x196.jpg 350w, https:\/\/www.diarioimagen.net\/wp-content\/uploads\/2017\/09\/TULTITLAN-3199-220x123.jpg 220w, https:\/\/www.diarioimagen.net\/wp-content\/uploads\/2017\/09\/TULTITLAN-3199-237x132.jpg 237w, https:\/\/www.diarioimagen.net\/wp-content\/uploads\/2017\/09\/TULTITLAN-3199.jpg 480w\" sizes=\"auto, (max-width: 460px) 100vw, 460px\" \/><\/a><p id=\"caption-attachment-342589\" class=\"wp-caption-text\">El gobierno de Tultitl\u00e1n consinti\u00f3 al grupo pilar de las familias tultitlenses con una comida y una rifa de electrodom\u00e9sticos en el Deportivo Tultitl\u00e1n.<\/p><\/div>\n<p>&nbsp;<\/p>\n<p><strong>Tultitl\u00e1n, Estado de M\u00e9xico<\/strong>.- Al ritmo de \u201cEs la boa\u201d, \u201cEl nido\u201d, \u201cLuces de Nueva York\u201d, \u201cEl ladr\u00f3n\u201d y \u201cMi caprichito\u201d, m\u00e1s de 3 mil 500 adultos mayores de todo el municipio, festejaron su d\u00eda junto al alcalde, Ad\u00e1n Barr\u00f3n Elizalde, y la presidenta del Sistema Municipal para el Desarrollo Integral de la Familia, Karen S\u00e1mano.<\/p>\n<p>Como parte de los festejos del D\u00eda del Adulto Mayor, que se celebra el 28 de agosto, la administraci\u00f3n 2016-2028 consinti\u00f3 al grupo pilar de las familias tultitlenses con una comida, una rifa de electrodom\u00e9sticos y la presentaci\u00f3n de la Sonora Santanera y Mar\u00eda Fernanda en el Deportivo Toltitl\u00e1n.<\/p>\n<p>\u201cEste festejo es para el pilar m\u00e1s importantes de nuestra sociedad, nuestros abuelitos y abuelitas con su experiencia siempre tienen un buen consejo para darnos y son ellos los que nos ayudan a guiar a nuestros j\u00f3venes por el buen camino\u201d, coment\u00f3 Karen S\u00e1mano, al dar inicio a la celebraci\u00f3n.<\/p>\n<p>En representaci\u00f3n de las casas del Adulto Mayor del DIF -Tultitl\u00e1n, Guadalupe Garc\u00eda, del grupo de Vida Nueva Buenavista Parte Alta, agradeci\u00f3 al presidente Ad\u00e1n Barr\u00f3n y a su esposa Karen S\u00e1mano por la celebraci\u00f3n.<\/p>\n<p>\u201cNos han integrado verdaderamente a su gobierno, nos sentimos protegidos adem\u00e1s de que han hechos trabajos en todo el municipio\u201d, dijo.<\/p>\n<p>En la celebraci\u00f3n tambi\u00e9n participaron integrantes del Cabildo, titulares de las diferentes direcciones de la administraci\u00f3n y la representante del Gobierno del Estado de M\u00e9xico, Rosalba Gualito, quien afirm\u00f3 que durante el gobierno de Eruviel \u00c1vila se han entregado m\u00e1s de 300 mil canastas b\u00e1sicas para ayudar a la econom\u00eda de los adultos mayores.<\/p>\n<p>En el municipio de Tultitl\u00e1n existen 32 casas del adulto mayor, distribuidas en las tres zonas de la demarcaci\u00f3n, en donde se ofrecen servicios m\u00e9dicos, diversas actividades l\u00fadicas y talleres y habitan m\u00e1s de 30 mil personas mayores de 60 a\u00f1os.<\/p>\n","protected":false},"excerpt":{"rendered":"<p>Al ritmo de \u201cEs la boa\u201d, \u201cEl nido\u201d, \u201cLuces de Nueva York\u201d, \u201cEl ladr\u00f3n\u201d y \u201cMi caprichito\u201d, m\u00e1s de 3 mil 500 adultos mayores de todo el municipio, festejaron su d\u00eda junto al alcalde, Ad\u00e1n Barr\u00f3n Elizalde, y la presidenta del Sistema Municipal para el Desarrollo Integral de la Familia, Karen S\u00e1mano.<\/p>\n","protected":false},"author":3,"featured_media":342589,"comment_status":"open","ping_status":"open","sticky":false,"template":"","format":"standard","meta":{"_monsterinsights_skip_tracking":false,"_monsterinsights_sitenote_active":false,"_monsterinsights_sitenote_note":"","_monsterinsights_sitenote_category":0,"footnotes":""},"categories":[35155],"tags":[22805,43675,20602,578],"class_list":["post-342508","post","type-post","status-publish","format-standard","has-post-thumbnail","hentry","category-estado-de-mexico-estado-de-mexico","tag-adulto-mayor","tag-estado-de-mexico","tag-festejo","tag-tultitlan"],"_links":{"self":[{"href":"https:\/\/www.diarioimagen.net\/index.php?rest_route=\/wp\/v2\/posts\/342508","targetHints":{"allow":["GET"]}}],"collection":[{"href":"https:\/\/www.diarioimagen.net\/index.php?rest_route=\/wp\/v2\/posts"}],"about":[{"href":"https:\/\/www.diarioimagen.net\/index.php?rest_route=\/wp\/v2\/types\/post"}],"author":[{"embeddable":true,"href":"https:\/\/www.diarioimagen.net\/index.php?rest_route=\/wp\/v2\/users\/3"}],"replies":[{"embeddable":true,"href":"https:\/\/www.diarioimagen.net\/index.php?rest_route=%2Fwp%2Fv2%2Fcomments&post=342508"}],"version-history":[{"count":0,"href":"https:\/\/www.diarioimagen.net\/index.php?rest_route=\/wp\/v2\/posts\/342508\/revisions"}],"wp:featuredmedia":[{"embeddable":true,"href":"https:\/\/www.diarioimagen.net\/index.php?rest_route=\/wp\/v2\/media\/342589"}],"wp:attachment":[{"href":"https:\/\/www.diarioimagen.net\/index.php?rest_route=%2Fwp%2Fv2%2Fmedia&parent=342508"}],"wp:term":[{"taxonomy":"category","embeddable":true,"href":"https:\/\/www.diarioimagen.net\/index.php?rest_route=%2Fwp%2Fv2%2Fcategories&post=342508"},{"taxonomy":"post_tag","embeddable":true,"href":"https:\/\/www.diarioimagen.net\/index.php?rest_route=%2Fwp%2Fv2%2Ftags&post=342508"}],"curies":[{"name":"wp","href":"https:\/\/api.w.org\/{rel}","templated":true}]}}