{"id":342512,"date":"2017-09-04T00:06:21","date_gmt":"2017-09-04T05:06:21","guid":{"rendered":"http:\/\/www.diarioimagen.net\/?p=342512"},"modified":"2017-09-04T05:25:42","modified_gmt":"2017-09-04T10:25:42","slug":"cambios-en-el-gabinete-en-cuautitlan-mexico","status":"publish","type":"post","link":"https:\/\/www.diarioimagen.net\/?p=342512","title":{"rendered":"Cambios en el gabinete en Cuautitl\u00e1n, M\u00e9xico"},"content":{"rendered":"<p><a href=\"http:\/\/www.diarioimagen.net\/?attachment_id=342595\" rel=\"attachment wp-att-342595\"><img loading=\"lazy\" decoding=\"async\" class=\"aligncenter size-large wp-image-342595\" src=\"http:\/\/www.diarioimagen.net\/wp-content\/uploads\/2017\/09\/CUAUTITLAN-3199-460x259.jpg\" alt=\"\" width=\"460\" height=\"259\" srcset=\"https:\/\/www.diarioimagen.net\/wp-content\/uploads\/2017\/09\/CUAUTITLAN-3199-460x259.jpg 460w, https:\/\/www.diarioimagen.net\/wp-content\/uploads\/2017\/09\/CUAUTITLAN-3199-240x135.jpg 240w, https:\/\/www.diarioimagen.net\/wp-content\/uploads\/2017\/09\/CUAUTITLAN-3199-235x132.jpg 235w, https:\/\/www.diarioimagen.net\/wp-content\/uploads\/2017\/09\/CUAUTITLAN-3199-202x114.jpg 202w, https:\/\/www.diarioimagen.net\/wp-content\/uploads\/2017\/09\/CUAUTITLAN-3199-350x196.jpg 350w, https:\/\/www.diarioimagen.net\/wp-content\/uploads\/2017\/09\/CUAUTITLAN-3199-220x123.jpg 220w, https:\/\/www.diarioimagen.net\/wp-content\/uploads\/2017\/09\/CUAUTITLAN-3199-237x132.jpg 237w, https:\/\/www.diarioimagen.net\/wp-content\/uploads\/2017\/09\/CUAUTITLAN-3199.jpg 480w\" sizes=\"auto, (max-width: 460px) 100vw, 460px\" \/><\/a><\/p>\n<p>&nbsp;<\/p>\n<p><strong>Cuautitl\u00e1n, Estado de M\u00e9xico.-<\/strong> La presidenta municipal, Ma. Guadalupe Fern\u00e1ndez S\u00e1nchez, a cuatro meses de haber tomado protesta, ha determinado de acuerdo con integrantes del cabildo realizar ajustes que permitan encarar con \u00e9xito el \u00faltimo tercio de la administraci\u00f3n, esto con la firme convicci\u00f3n de que este gobierno tendr\u00e1 que dar su mayor esfuerzo para sacar adelante los proyectos y las pol\u00edticas p\u00fablicas, que le permitan a Cuautitl\u00e1n obtener una mejor calidad de vida para todos los ciudadanos.<\/p>\n<p>S\u00f3lo con honestidad y el mayor esfuerzo se podr\u00e1 permanecer en este gobierno.<\/p>\n","protected":false},"excerpt":{"rendered":"<p>La presidenta municipal, Ma. Guadalupe Fern\u00e1ndez S\u00e1nchez, a cuatro meses de haber tomado protesta, ha determinado de acuerdo con integrantes del cabildo realizar ajustes que permitan encarar con \u00e9xito el \u00faltimo tercio de la administraci\u00f3n, esto con la firme convicci\u00f3n de que este gobierno tendr\u00e1 que dar su mayor esfuerzo para sacar adelante los proyectos y las pol\u00edticas p\u00fablicas, que le permitan a Cuautitl\u00e1n obtener una mejor calidad de vida para todos los ciudadanos.<\/p>\n","protected":false},"author":3,"featured_media":342595,"comment_status":"open","ping_status":"open","sticky":false,"template":"","format":"standard","meta":{"_monsterinsights_skip_tracking":false,"_monsterinsights_sitenote_active":false,"_monsterinsights_sitenote_note":"","_monsterinsights_sitenote_category":0,"footnotes":""},"categories":[35155],"tags":[9887,681,43675,19988],"class_list":["post-342512","post","type-post","status-publish","format-standard","has-post-thumbnail","hentry","category-estado-de-mexico-estado-de-mexico","tag-cambios","tag-cuautitlan","tag-estado-de-mexico","tag-gabinete"],"_links":{"self":[{"href":"https:\/\/www.diarioimagen.net\/index.php?rest_route=\/wp\/v2\/posts\/342512","targetHints":{"allow":["GET"]}}],"collection":[{"href":"https:\/\/www.diarioimagen.net\/index.php?rest_route=\/wp\/v2\/posts"}],"about":[{"href":"https:\/\/www.diarioimagen.net\/index.php?rest_route=\/wp\/v2\/types\/post"}],"author":[{"embeddable":true,"href":"https:\/\/www.diarioimagen.net\/index.php?rest_route=\/wp\/v2\/users\/3"}],"replies":[{"embeddable":true,"href":"https:\/\/www.diarioimagen.net\/index.php?rest_route=%2Fwp%2Fv2%2Fcomments&post=342512"}],"version-history":[{"count":0,"href":"https:\/\/www.diarioimagen.net\/index.php?rest_route=\/wp\/v2\/posts\/342512\/revisions"}],"wp:featuredmedia":[{"embeddable":true,"href":"https:\/\/www.diarioimagen.net\/index.php?rest_route=\/wp\/v2\/media\/342595"}],"wp:attachment":[{"href":"https:\/\/www.diarioimagen.net\/index.php?rest_route=%2Fwp%2Fv2%2Fmedia&parent=342512"}],"wp:term":[{"taxonomy":"category","embeddable":true,"href":"https:\/\/www.diarioimagen.net\/index.php?rest_route=%2Fwp%2Fv2%2Fcategories&post=342512"},{"taxonomy":"post_tag","embeddable":true,"href":"https:\/\/www.diarioimagen.net\/index.php?rest_route=%2Fwp%2Fv2%2Ftags&post=342512"}],"curies":[{"name":"wp","href":"https:\/\/api.w.org\/{rel}","templated":true}]}}