{"id":342531,"date":"2017-09-04T00:10:09","date_gmt":"2017-09-04T05:10:09","guid":{"rendered":"http:\/\/www.diarioimagen.net\/?p=342531"},"modified":"2017-09-04T05:42:39","modified_gmt":"2017-09-04T10:42:39","slug":"el-estado-de-derecho-ha-muerto","status":"publish","type":"post","link":"https:\/\/www.diarioimagen.net\/?p=342531","title":{"rendered":"El estado de Derecho ha muerto"},"content":{"rendered":"<h2>\u00cdndice pol\u00edtico<\/h2>\n<h5>Francisco Rodr\u00edguez<\/h5>\n<p>&nbsp;<\/p>\n<div id=\"attachment_342615\" style=\"width: 470px\" class=\"wp-caption aligncenter\"><a href=\"http:\/\/www.diarioimagen.net\/?attachment_id=342615\" rel=\"attachment wp-att-342615\"><img loading=\"lazy\" decoding=\"async\" aria-describedby=\"caption-attachment-342615\" class=\"size-large wp-image-342615\" src=\"http:\/\/www.diarioimagen.net\/wp-content\/uploads\/2017\/09\/hombre-prevenido-luis-xavier-3199-460x354.jpg\" alt=\"\" width=\"460\" height=\"354\" srcset=\"https:\/\/www.diarioimagen.net\/wp-content\/uploads\/2017\/09\/hombre-prevenido-luis-xavier-3199-460x354.jpg 460w, https:\/\/www.diarioimagen.net\/wp-content\/uploads\/2017\/09\/hombre-prevenido-luis-xavier-3199-240x185.jpg 240w, https:\/\/www.diarioimagen.net\/wp-content\/uploads\/2017\/09\/hombre-prevenido-luis-xavier-3199-768x591.jpg 768w, https:\/\/www.diarioimagen.net\/wp-content\/uploads\/2017\/09\/hombre-prevenido-luis-xavier-3199.jpg 1200w\" sizes=\"auto, (max-width: 460px) 100vw, 460px\" \/><\/a><p id=\"caption-attachment-342615\" class=\"wp-caption-text\">Hombre prevenido&#8230; | Luis Xavier<\/p><\/div>\n<p>&nbsp;<\/p>\n<p>El Instituto Nacional Electoral ha llegado a la desfachatez de solicitar un presupuesto fantasmag\u00f3rico para sus actividades ilegales de la elecci\u00f3n del 2018. Un monto de recursos que rebasa con mucho todas las infamias que ese lugar, presidido por un junior de cuarto cachete que no merece, ni necesita para continuar defraudando la soberan\u00eda popular.<\/p>\n<p>El secretario de Comunicaciones y Transportes ha escenificado, junto con el gobernador del estado de Morelos, un desplante chusco y ofensivo en la C\u00e1mara de Diputados, y han hecho ver al segundo poder de la Federaci\u00f3n en trapos menores, una asamblea deliberativa que no tiene arrestos ni dientes para siquiera preguntarles algo que les incomode en la tragedia del socav\u00f3n de Cuernavaca.<\/p>\n<p>El gobierno, a trav\u00e9s de su peor vocero, Renato Sales, se atreve a argumentar que las polic\u00edas federales mexicanas son las mejores del mundo. Un desaguisado absoluto de lo que esperan las conciencias l\u00facidas de esta naci\u00f3n. El aquelarre, en manos de las brujas. Las instituciones que nos dimos, en el charco de la ignominia.<\/p>\n<p>Y en su informe, el presidente advierte que hay que seguir pa\u2019 donde mismo, que no debe haber vuelta atr\u00e1s (?).<\/p>\n<p>Se lanzan a sacar a la luz encuestas manipuladas que hablan de una preferencia colectiva del 30% a la actuaci\u00f3n lamentable de todas las instituciones, empezando por la Presidencia misma, la seguridad, el empleo, la justicia y la convivencia est\u00e1n afectadas de muerte.<\/p>\n<p>No hay camino pa\u2019 d\u00f3nde hacerse. El pueblo mismo requiere de otro destino, de otra oferta pol\u00edtica y social, y nuestros mandarines se refocilan en las categor\u00edas del absurdo, en un pa\u00eds que los repudia y que no tiene asideros posibles para responder a esos agravios dif\u00edciles de tragar. Es un pantano que s\u00f3lo espera que alguien diga hacia d\u00f3nde.<\/p>\n<p>Hasta hace pocos a\u00f1os, la gente pensaba que por el camino de la ley, su aplicaci\u00f3n y sus beneficios populares, todo quedar\u00eda resuelto. Todos recordamos el papel que el Derecho pudo jugar hasta hace poco en la transformaci\u00f3n de las conductas y en el ritmo y rumbo del pa\u00eds. M\u00e9xico era fuerte porque viv\u00eda en un estado de Derecho.<\/p>\n<p>La norma jur\u00eddica fue el agente decisivo de la transformaci\u00f3n nacional. En M\u00e9xico el Derecho hizo posible reformar el sistema de tenencia y explotaci\u00f3n de la tierra, procur\u00f3 el acceso de los campesinos al riego, su control sobre los recursos naturales hizo posible explotar el petr\u00f3leo, el azufre y todos sus minerales.<\/p>\n<p>La norma jur\u00eddica regul\u00f3 la emisi\u00f3n \u00fanica de moneda, estructur\u00f3 un amplio sistema de cr\u00e9dito agr\u00edcola y ejidal, fortaleci\u00f3 la seguridad social, estableci\u00f3 los cimientos democr\u00e1ticos y antiimperialistas de la educaci\u00f3n popular, nacionaliz\u00f3 los ferrocarriles, la electricidad, el servicio p\u00fablico de banca y cr\u00e9dito&#8230;&#8230; cre\u00f3 legislaciones obreras, agrarias, sanitarias, de vivienda popular.\u00a0A trav\u00e9s de la norma y de sus gobiernos constituidos se pudieron tomar un c\u00famulo de decisiones que si no fueron la panacea para la soluci\u00f3n de nuestros problemas, pusieron a nuestro alcance un vasto arsenal de instrumentos para avanzar.<\/p>\n<p>Hasta entonces, todos est\u00e1bamos de acuerdo en que su contenido pol\u00edtico, la orientaci\u00f3n de su ideolog\u00eda social, la definici\u00f3n de sus fines concretos derivaban de las necesidades estructurales y de las diferentes etapas por las que transit\u00e1bamos como pueblo. Nada era opaco ni distractivo. Ten\u00edamos objetivos y conciencia.<\/p>\n<p>Nunca pretendimos ubicarnos en una abstracci\u00f3n filos\u00f3fica y ubicar al Derecho por encima del Estado, ni tuvimos la pretensi\u00f3n autocr\u00e1tica o totalitaria de identificar los fines del Derecho con las tendencias pol\u00edticas de los aparatos administrativos de gobierno. La ley estaba por encima de todos.<\/p>\n<p>El desastre empez\u00f3 cuando los juniors de las oligarqu\u00edas pol\u00edticas nacionales, empolladas al amparo de los presupuestos p\u00fablicos, inoculado por fantas\u00edas imperialistas, quisieron y decidieron acabar con nuestra memoria hist\u00f3rica y decidir que todo depend\u00eda de la buena voluntad de los yanquis, eternos verdugos de la patria.<\/p>\n<p>Y la culminaci\u00f3n de todo este proceso lamentable lleg\u00f3 con la casta que, en su af\u00e1n por demoler la econom\u00eda, a pol\u00edtica, la cultura y la sociedad nacional, han ignorado todo, pasando por encima de cualquier prurito nacionalista, esquivando cualquier reclamo popular, burlando toda voluntad.<\/p>\n<p>La elaboraci\u00f3n de las iniciativas legales est\u00e1 en manos de cen\u00e1culos de inexpertos e ignorantes que no tienen idea de lo que exige la naci\u00f3n. Grupos de favoritos, insensatos, que lo \u00fanico que quieren es que se aprueben todas las modalidades y los requerimientos para que los jefes exaccionen a gusto y placer. Para que los jefes impongan a un fiscal a modo que siga haci\u00e9ndose de la vista gorda ante el latrocinio y el saqueo de la naci\u00f3n.<\/p>\n<p>La aprobaci\u00f3n de las iniciativas, en manos de un Congreso federal limitado, sin luces para proponer, discutir, menos corregir sus contenidos. El Congreso, los diputados y senadores sesionan para aprobar los nombramientos de todo tipo que le hacen llegar desde las oficinas del Poder Ejecutivo.<\/p>\n<p>La aplicaci\u00f3n de las normas est\u00e1 en manos de un Poder Judicial cuyos miembros han sido propuestos, palomeados y designados desde la Consejer\u00eda Jur\u00eddica<em>,<\/em>\u00a0en manos de un abogado que se ha encargado de copar todas las posiciones estrat\u00e9gicas de la impartici\u00f3n de la justicia para su provecho personal.<\/p>\n<p>A pesar de ser un pueblo de juristas e investigadores prestigiados, la ley en M\u00e9xico es letra muerta, suspiros de un pasado glorioso, sometido a la corrupci\u00f3n y a los devenires fantasiosos de un grupo de paral\u00edticos mentales que creen llegaron para imponer sus mandos y sus gustos. Un pueblo a merced de pandilleros.<\/p>\n<p>En este panorama, los mexicanos no podemos esperar nada de la ley. Se ha convertido en una serie abominable de reductos normativos en poder de quienes pueden forzar su aplicaci\u00f3n, sus objetivos, sus designios. El c\u00edrculo cuadrado de una sociedad.<\/p>\n<p>Cuando el Derecho no se adapta a las nuevas necesidades y a las tensiones emergentes, se produce su defectuosidad, su insuficiencia, su perversi\u00f3n como instrumento regulador de la convivencia en libertad. El Derecho y la pol\u00edtica son como las dos caras de Jano, es decir, no se puede ordenar y al mismo tiempo anular sus efectos.<\/p>\n<p>El avance de la pobreza y la inseguridad han hecho de la ley, aplicada por un enemigo real de la poblaci\u00f3n. La ley es algo de lo que m\u00e1s vale la pena esconderse. Sus tent\u00e1culos est\u00e1n dirigidos y orientados por la gente que s\u00f3lo se rinde ante el poder del dinero. Y as\u00ed no se puede.<\/p>\n<p>La ley en otras manos nos encamina con ritmo fren\u00e9tico hacia el imperio de la ley de la selva.<\/p>\n<p>Nada podemos esperar de quienes no tienen respeto al mandato conferido. De quienes se burlan cotidianamente de todos los esfuerzos de los mexicanos. De quienes invaden nuestra seguridad, nuestra pobreza e indefensi\u00f3n con macabros prop\u00f3sitos de inanici\u00f3n y muerte hacia sus desiguales.<\/p>\n<p><strong><em>\u00cdndice Flam\u00edgero<\/em><\/strong><em>: <\/em>Bajo el t\u00edtulo \u201cHablemos de Monreal\u201d, don Miguel Ram\u00edrez comenta, desde Torre\u00f3n, Coahuila: \u201cParece inminente el rompimiento definitivo entre Morena y (Ricardo) Monreal, por lo que resulta interesante conocer algunos detalles recientes del zacatecano. Hace un par de a\u00f1os, se difundi\u00f3 el contenido de una llamada telef\u00f3nica entre \u00e9l y una ex diputada local de Zacatecas, que muestra la relaci\u00f3n \u201crom\u00e1ntica\u201d que hab\u00eda entre ellos. Algo tarde pero le lleg\u00f3 a Monreal la comez\u00f3n del s\u00e9ptimo a\u00f1o. Ya conocido el resultado de la encuesta que se\u00f1al\u00f3 a Sheinbaum triunfadora y candidata de Morena a la jefatura de gobierno de la Ciudad de M\u00e9xico, Ricardo afirm\u00f3: \u2018El futuro del pa\u00eds depende de mis decisiones\u2019, algo que s\u00f3lo se podr\u00eda suponer que dijeran Fox. El 13 de mayo del presente a\u00f1o, se entrevist\u00f3 a Monreal en ADN40. Estas son algunas de las partes de dicha entrevista. &#8211; Con L\u00f3pez Obrador no romper\u00eda, no voy a traicionar a Morena. \/ Si \u00e9l dijera \u2018Quiero que vaya Sheinbaum y no t\u00fa\u2019&#8230; \/ Lo acepto. En esta etapa de mi vida no puedo andar con mezquindades, porque lo que quiero es que \u00e9l sea presidente de la Rep\u00fablica. \/ Si \u00e9l dijera \u2018Ricardo, necesito que vaya Claudia o que vaya Mart\u00ed como candidato a jefe de gobierno y no puedes ir t\u00fa\u2019. \/ Yo le dir\u00eda adelante, porque no voy a pelearme con \u00e9l, estamos en un acuerdo. \/ \u00bfLo firmas aqu\u00ed y ahora? \/ Lo firmo ahorita. Estamos en un acuerdo pol\u00edtico de que mediante una encuesta habr\u00e1 de surgir el candidato a la jefatura de gobierno. Hasta aqu\u00ed la entrevista. Est\u00e1 claro que \u00e9l supo perfectamente el contenido de la encuesta y la acept\u00f3. Ahora, despu\u00e9s de haberse \u2018achimoltrufiado\u2019, declara lo contrario.\u201d + + + Y don Rub\u00e9n M\u00fajica V\u00e9lez est\u00e1 de pl\u00e1cemes, pues, dice: \u201c\u00a1Incre\u00edble! \u00a1Nu\u00f1o ley\u00f3 bien a Miguel \u00c1ngel Asturias!\u201d Y cita un pasaje de\u00a0<em>El Se\u00f1or Presidente<\/em>, obra cumbre del Premio Nobel guatemalteco: \u201cDespu\u00e9s de todo, somos los pobres los m\u00e1s conformes \u00a1Y qu\u00e9 remedio, pues! Verdad es que con eso se la escuela los que han aprendido a\u00a0<strong><em>ler\u00a0<\/em><\/strong>andan influenciados de cosas imposibles\u201d (Editorial Losada, Buenos Aires, 1998). Y comenta don Rub\u00e9n: \u201c<strong><em>Ler\u00a0<\/em><\/strong>es un vocablo ya adoptado por el celeb\u00e9rrimo \u2018astr\u00f3logo\u2019, pero \u00bf\u201dlas cosas imposibles\u201d ser\u00e1, entre otras, La Silla?\u201d + + + Don Alfredo \u00c1lvarez Barr\u00f3n, por su parte, env\u00eda epigrama sobre el\u00a0mensaje a la naci\u00f3n de Enrique Pe\u00f1a Nieto con motivo del Quinto Informe de Gobierno, que El Poeta del Nopal, su alter ego, convierte en rima:<\/p>\n<p>Informe de resultados,<br \/>\ndonde lo malo no cuenta,<br \/>\nuna grav\u00edsima afrenta<br \/>\n\u00a1a un pueblo desmemoriado!<br \/>\nS\u00ed, a este sexenio todav\u00eda le quedan 453 d\u00edas para concluir.<\/p>\n<p><em><a href=\"http:\/\/www.indicepolitico.com\/\" target=\"_blank\" rel=\"noopener noreferrer\">www.indicepolitico.com<\/a><\/em><br \/>\n<em><a href=\"mailto:pacorodriguez@journalist.com\" target=\"_blank\" rel=\"noopener noreferrer\">pacorodriguez@journalist.com<\/a><\/em><br \/>\n<em><a href=\"https:\/\/twitter.com\/pacorodriguez\" target=\"_blank\" rel=\"noopener noreferrer\">@pacorodriguez<\/a><\/em><\/p>\n","protected":false},"excerpt":{"rendered":"<p><span style=\"color: #005497;\"><strong>Francisco Rodr\u00edguez<\/strong><\/span><br \/>\n<br \/>\nEl Instituto Nacional Electoral ha llegado a la desfachatez de solicitar un presupuesto fantasmag\u00f3rico para sus actividades ilegales de la elecci\u00f3n del 2018. Un monto de recursos que rebasa con mucho todas las infamias que ese lugar, presidido por un junior de cuarto cachete que no merece, ni necesita para continuar defraudando la soberan\u00eda popular.<\/p>\n","protected":false},"author":3,"featured_media":342615,"comment_status":"open","ping_status":"open","sticky":false,"template":"","format":"standard","meta":{"_monsterinsights_skip_tracking":false,"_monsterinsights_sitenote_active":false,"_monsterinsights_sitenote_note":"","_monsterinsights_sitenote_category":0,"footnotes":""},"categories":[549],"tags":[43689,550,43674],"class_list":["post-342531","post","type-post","status-publish","format-standard","has-post-thumbnail","hentry","category-francisco-rodriguez","tag-francisco-rodriguez","tag-indice-politico","tag-opinion"],"_links":{"self":[{"href":"https:\/\/www.diarioimagen.net\/index.php?rest_route=\/wp\/v2\/posts\/342531","targetHints":{"allow":["GET"]}}],"collection":[{"href":"https:\/\/www.diarioimagen.net\/index.php?rest_route=\/wp\/v2\/posts"}],"about":[{"href":"https:\/\/www.diarioimagen.net\/index.php?rest_route=\/wp\/v2\/types\/post"}],"author":[{"embeddable":true,"href":"https:\/\/www.diarioimagen.net\/index.php?rest_route=\/wp\/v2\/users\/3"}],"replies":[{"embeddable":true,"href":"https:\/\/www.diarioimagen.net\/index.php?rest_route=%2Fwp%2Fv2%2Fcomments&post=342531"}],"version-history":[{"count":0,"href":"https:\/\/www.diarioimagen.net\/index.php?rest_route=\/wp\/v2\/posts\/342531\/revisions"}],"wp:featuredmedia":[{"embeddable":true,"href":"https:\/\/www.diarioimagen.net\/index.php?rest_route=\/wp\/v2\/media\/342615"}],"wp:attachment":[{"href":"https:\/\/www.diarioimagen.net\/index.php?rest_route=%2Fwp%2Fv2%2Fmedia&parent=342531"}],"wp:term":[{"taxonomy":"category","embeddable":true,"href":"https:\/\/www.diarioimagen.net\/index.php?rest_route=%2Fwp%2Fv2%2Fcategories&post=342531"},{"taxonomy":"post_tag","embeddable":true,"href":"https:\/\/www.diarioimagen.net\/index.php?rest_route=%2Fwp%2Fv2%2Ftags&post=342531"}],"curies":[{"name":"wp","href":"https:\/\/api.w.org\/{rel}","templated":true}]}}