{"id":342626,"date":"2017-09-05T00:09:42","date_gmt":"2017-09-05T05:09:42","guid":{"rendered":"http:\/\/www.diarioimagen.net\/?p=342626"},"modified":"2017-09-06T00:07:46","modified_gmt":"2017-09-06T05:07:46","slug":"consolida-edomex-sistema-educativo-eruviel-avila-villegas","status":"publish","type":"post","link":"https:\/\/www.diarioimagen.net\/?p=342626","title":{"rendered":"Se consolida el sistema educativo mexiquense"},"content":{"rendered":"<ul>\n<li><strong><em>La entidad atiende una matr\u00edcula de 4.8 millones de alumnos<\/em><\/strong><\/li>\n<\/ul>\n<h6>Jos\u00e9 Luis Monta\u00f1ez<\/h6>\n<p>&nbsp;<\/p>\n<div id=\"attachment_342636\" style=\"width: 470px\" class=\"wp-caption aligncenter\"><img loading=\"lazy\" decoding=\"async\" aria-describedby=\"caption-attachment-342636\" class=\"wp-image-342636 size-large\" src=\"http:\/\/www.diarioimagen.net\/wp-content\/uploads\/2017\/09\/ERUVIEL5ok-portal-460x268.jpg\" alt=\"\" width=\"460\" height=\"268\" srcset=\"https:\/\/www.diarioimagen.net\/wp-content\/uploads\/2017\/09\/ERUVIEL5ok-portal-460x268.jpg 460w, https:\/\/www.diarioimagen.net\/wp-content\/uploads\/2017\/09\/ERUVIEL5ok-portal-240x140.jpg 240w, https:\/\/www.diarioimagen.net\/wp-content\/uploads\/2017\/09\/ERUVIEL5ok-portal.jpg 480w\" sizes=\"auto, (max-width: 460px) 100vw, 460px\" \/><p id=\"caption-attachment-342636\" class=\"wp-caption-text\">Eruviel \u00c1vila Villegas reconoci\u00f3 a los sindicatos de Maestros al Servicio del Estado de M\u00e9xico y Nacional de Trabajadores de la Educaci\u00f3n.<\/p><\/div>\n<p>&nbsp;<\/p>\n<p><strong>Toluca, Estado de M\u00e9xico<\/strong>.- El gobernador Eruviel \u00c1vila Villegas reconoci\u00f3 a los sindicatos de Maestros al Servicio del Estado de M\u00e9xico y Nacional de Trabajadores de la Educaci\u00f3n, su aportaci\u00f3n para que en equipo con las autoridades estatales y el gobierno federal, se hayan alcanzado importantes logros en materia educativa en la entidad mexiquense que atiende una matr\u00edcula de 4.8 millones de alumnos.<\/p>\n<p>\u201cHoy quiero reiterar lo orgulloso que me siento del magisterio estatal, el magisterio del Estado de M\u00e9xico, siempre lo he dicho, el mejor magisterio del pa\u00eds est\u00e1 aqu\u00ed en el Estado de M\u00e9xico, debemos reconocerlo, debemos apoyarlo y debemos estar siempre muy cerca de ellos, porque ellos se encargan y cuidan de los m\u00e1s valioso que tenemos que son nuestras hijas, que son nuestros hijos.<\/p>\n<p>\u201cReconocerle al maestro Gustavo Michua y Michua, al maestro Rigoberto Vargas Cervantes, toda su entrega, toda su vocaci\u00f3n, el SNTE siempre estuvo apoyando a este gobierno de la educaci\u00f3n, los avances que tenemos, son tambi\u00e9n gracias al maestro Abraham Saron\u00e9 Campos, l\u00edder del SMSEM en nuestro querido Estado de M\u00e9xico, los sindicatos jugaron un papel importante; justo es reconocer al presidente Enrique Pe\u00f1a Nieto y agradecerle al secretario Aurelio Nu\u00f1o Mayer por su respaldo y por todo el acompa\u00f1amiento que tuvimos en todos estos a\u00f1os\u201d, resalt\u00f3 el gobernador mexiquense.<\/p>\n<p>En un encuentro que mantuvo con servidores p\u00fablicos de la Secretar\u00eda de Educaci\u00f3n, el titular del Ejecutivo estatal afirm\u00f3 que juntos se logr\u00f3 consolidar a esta administraci\u00f3n como el gobierno de la educaci\u00f3n, al ser una herramienta clave para el \u00e9xito.<\/p>\n<p>En el patio central de Palacio de Gobierno, el mandatario mexiquense destac\u00f3 que en los \u00faltimos seis a\u00f1os el Edomex registr\u00f3 avances en materia educativa; por ejemplo, de acuerdo con datos del Coneval, m\u00e1s de 188 mil mexiquenses dejaron atr\u00e1s el rezago educativo; se consolid\u00f3 la Universidad Digital con 3 bachilleratos, 34 licenciaturas, 3 maestr\u00edas y un doctorado en l\u00ednea, as\u00ed como el Modelo Dual, en el que participan m\u00e1s de 10 mil alumnos que estudian y practican en 300 empresas.<\/p>\n<p>Adem\u00e1s, inform\u00f3 que se entregaron m\u00e1s de un mill\u00f3n de becas y est\u00edmulos, y m\u00e1s de 100 mil laptops a estudiantes de excelencia; se rehabilitaron 11 mil espacios educativos; y el Edom\u00e9x registra 600 nuevos servicios o instituciones de educaci\u00f3n b\u00e1sica, 120 de educaci\u00f3n media superior, 29 de educaci\u00f3n superior y 520 telebachilleratos.<\/p>\n<p>El gobernador mexiquense llam\u00f3 a continuar trabajando por la educaci\u00f3n que es el arma m\u00e1s poderosa para transformar vidas, y exhort\u00f3 a cerrar filas con el presidente Enrique Pe\u00f1a Nieto y con el gobernador electo Alfredo del Mazo Maza quienes tiene un compromiso en favor de la ni\u00f1ez y la juventud.<\/p>\n","protected":false},"excerpt":{"rendered":"<p><span style=\"color: #005497;\">Jos\u00e9 Luis Monta\u00f1ez<\/span><br \/>\n<br \/>\nEl gobernador Eruviel \u00c1vila Villegas reconoci\u00f3 a los sindicatos de Maestros al Servicio del Estado de M\u00e9xico y Nacional de Trabajadores de la Educaci\u00f3n, su aportaci\u00f3n para que en equipo con las autoridades estatales y el gobierno federal, se hayan alcanzado importantes logros en materia educativa en la entidad mexiquense que atiende una matr\u00edcula de 4.8 millones de alumnos.<\/p>\n","protected":false},"author":5,"featured_media":342636,"comment_status":"open","ping_status":"open","sticky":false,"template":"","format":"standard","meta":{"_monsterinsights_skip_tracking":false,"_monsterinsights_sitenote_active":false,"_monsterinsights_sitenote_note":"","_monsterinsights_sitenote_category":0,"footnotes":""},"categories":[5],"tags":[65032,5828,43675,65034,65033,65035,452],"class_list":["post-342626","post","type-post","status-publish","format-standard","has-post-thumbnail","hentry","category-estado-de-mexico","tag-edomex-sistema-educativo","tag-eruviel-avila-villegas","tag-estado-de-mexico","tag-gustavo-michua","tag-rigoberto-vargas-cervantes","tag-telebachilleratos","tag-toluca"],"_links":{"self":[{"href":"https:\/\/www.diarioimagen.net\/index.php?rest_route=\/wp\/v2\/posts\/342626","targetHints":{"allow":["GET"]}}],"collection":[{"href":"https:\/\/www.diarioimagen.net\/index.php?rest_route=\/wp\/v2\/posts"}],"about":[{"href":"https:\/\/www.diarioimagen.net\/index.php?rest_route=\/wp\/v2\/types\/post"}],"author":[{"embeddable":true,"href":"https:\/\/www.diarioimagen.net\/index.php?rest_route=\/wp\/v2\/users\/5"}],"replies":[{"embeddable":true,"href":"https:\/\/www.diarioimagen.net\/index.php?rest_route=%2Fwp%2Fv2%2Fcomments&post=342626"}],"version-history":[{"count":0,"href":"https:\/\/www.diarioimagen.net\/index.php?rest_route=\/wp\/v2\/posts\/342626\/revisions"}],"wp:featuredmedia":[{"embeddable":true,"href":"https:\/\/www.diarioimagen.net\/index.php?rest_route=\/wp\/v2\/media\/342636"}],"wp:attachment":[{"href":"https:\/\/www.diarioimagen.net\/index.php?rest_route=%2Fwp%2Fv2%2Fmedia&parent=342626"}],"wp:term":[{"taxonomy":"category","embeddable":true,"href":"https:\/\/www.diarioimagen.net\/index.php?rest_route=%2Fwp%2Fv2%2Fcategories&post=342626"},{"taxonomy":"post_tag","embeddable":true,"href":"https:\/\/www.diarioimagen.net\/index.php?rest_route=%2Fwp%2Fv2%2Ftags&post=342626"}],"curies":[{"name":"wp","href":"https:\/\/api.w.org\/{rel}","templated":true}]}}