{"id":342664,"date":"2017-09-05T00:04:57","date_gmt":"2017-09-05T05:04:57","guid":{"rendered":"http:\/\/www.diarioimagen.net\/?p=342664"},"modified":"2017-09-05T00:58:56","modified_gmt":"2017-09-05T05:58:56","slug":"paul-stanley-tendra-su-propio-programa","status":"publish","type":"post","link":"https:\/\/www.diarioimagen.net\/?p=342664","title":{"rendered":"Paul Stanley tendr\u00e1 su propio programa"},"content":{"rendered":"<ul>\n<li><em><strong>Tiene exclusividad con Televisa y se despidi\u00f3 de \u201cHoy\u201d y de \u201cAmor-didas\u201d<\/strong><\/em><\/li>\n<\/ul>\n<p>&nbsp;<\/p>\n<div id=\"attachment_342665\" style=\"width: 470px\" class=\"wp-caption aligncenter\"><img loading=\"lazy\" decoding=\"async\" aria-describedby=\"caption-attachment-342665\" class=\"size-large wp-image-342665\" src=\"http:\/\/www.diarioimagen.net\/wp-content\/uploads\/2017\/09\/Paul-portal-460x268.jpg\" alt=\"\" width=\"460\" height=\"268\" srcset=\"https:\/\/www.diarioimagen.net\/wp-content\/uploads\/2017\/09\/Paul-portal-460x268.jpg 460w, https:\/\/www.diarioimagen.net\/wp-content\/uploads\/2017\/09\/Paul-portal-240x140.jpg 240w, https:\/\/www.diarioimagen.net\/wp-content\/uploads\/2017\/09\/Paul-portal.jpg 480w\" sizes=\"auto, (max-width: 460px) 100vw, 460px\" \/><p id=\"caption-attachment-342665\" class=\"wp-caption-text\">Paul Stanley anunci\u00f3 que le dar\u00e1 un giro total a su carrera y que seguir\u00e1 siendo conductor.<\/p><\/div>\n<p>&nbsp;<\/p>\n<p>El hijo de Paco Stanley (Paul) se despidi\u00f3 ayer del programa matutino en el que interven\u00eda de manera estelar (\u201cHoy\u201d) y anunci\u00f3 que ello obedece a que tendr\u00e1 un programa exclusivo.<\/p>\n<p>Al despedirse invoc\u00f3 el contrato de exclusividad que tiene con Televisa y se\u00f1al\u00f3 que los directivos le informar\u00e1n en qu\u00e9 consiste el proyecto.<\/p>\n<p>Se\u00f1al\u00f3 que le dar\u00e1 un giro total a su carrera como conductor y que est\u00e1 consciente que todos los cambios son dr\u00e1sticos y que es un proyecto que desde que se lo platicaron se divirti\u00f3 y lo que m\u00e1s le gustar\u00e1, es que es en torno a \u00e9l.<\/p>\n<p>Record\u00f3 que Paul Stanley como persona creci\u00f3 en Televisa, pues siempre acompa\u00f1aba a su padre por los foros donde actuaba y actualmente la mayor parte de su tiempo se la pasa en Televisa.<\/p>\n<p>Anunci\u00f3 que estrenar\u00e1 su nuevo proyecto en octubre, ya tiene ensayos, por lo cual est\u00e1 un poco estresado, y espera que todo salga bien.<\/p>\n<p>Expres\u00f3 su agradecimiento a los productores y conductores de \u201cHoy\u201d, con los que ha compartido escenario y que le dieron ayer una despedida cari\u00f1osa y no descart\u00f3 tener nuevas apariciones en el matutino, pues lo considera como un matrimonio, que despu\u00e9s de terminar puede tener un reencuentro.<\/p>\n<p>Puntualiz\u00f3 que no formar\u00e1 parte de la nueva barra de comedia que ya anunci\u00f3 Televisa, pues insisti\u00f3 que es un giro total de su carrera como conductor.<\/p>\n","protected":false},"excerpt":{"rendered":"<p>El hijo de Paco Stanley (Paul) se despidi\u00f3 ayer del programa matutino en el que interven\u00eda de manera estelar (\u201cHoy\u201d) y anunci\u00f3 que ello obedece a que tendr\u00e1 un programa exclusivo.<\/p>\n","protected":false},"author":5,"featured_media":342665,"comment_status":"open","ping_status":"open","sticky":false,"template":"","format":"standard","meta":{"_monsterinsights_skip_tracking":false,"_monsterinsights_sitenote_active":false,"_monsterinsights_sitenote_note":"","_monsterinsights_sitenote_category":0,"footnotes":""},"categories":[12],"tags":[43682,65065,3587,65066,56801,65063,65064],"class_list":["post-342664","post","type-post","status-publish","format-standard","has-post-thumbnail","hentry","category-espectaculos","tag-espectaculos","tag-exclusividad-con-televisa","tag-hoy","tag-paco-stanley","tag-paul-stanley","tag-propio-programa","tag-amor-didas"],"_links":{"self":[{"href":"https:\/\/www.diarioimagen.net\/index.php?rest_route=\/wp\/v2\/posts\/342664","targetHints":{"allow":["GET"]}}],"collection":[{"href":"https:\/\/www.diarioimagen.net\/index.php?rest_route=\/wp\/v2\/posts"}],"about":[{"href":"https:\/\/www.diarioimagen.net\/index.php?rest_route=\/wp\/v2\/types\/post"}],"author":[{"embeddable":true,"href":"https:\/\/www.diarioimagen.net\/index.php?rest_route=\/wp\/v2\/users\/5"}],"replies":[{"embeddable":true,"href":"https:\/\/www.diarioimagen.net\/index.php?rest_route=%2Fwp%2Fv2%2Fcomments&post=342664"}],"version-history":[{"count":0,"href":"https:\/\/www.diarioimagen.net\/index.php?rest_route=\/wp\/v2\/posts\/342664\/revisions"}],"wp:featuredmedia":[{"embeddable":true,"href":"https:\/\/www.diarioimagen.net\/index.php?rest_route=\/wp\/v2\/media\/342665"}],"wp:attachment":[{"href":"https:\/\/www.diarioimagen.net\/index.php?rest_route=%2Fwp%2Fv2%2Fmedia&parent=342664"}],"wp:term":[{"taxonomy":"category","embeddable":true,"href":"https:\/\/www.diarioimagen.net\/index.php?rest_route=%2Fwp%2Fv2%2Fcategories&post=342664"},{"taxonomy":"post_tag","embeddable":true,"href":"https:\/\/www.diarioimagen.net\/index.php?rest_route=%2Fwp%2Fv2%2Ftags&post=342664"}],"curies":[{"name":"wp","href":"https:\/\/api.w.org\/{rel}","templated":true}]}}