{"id":342673,"date":"2017-09-05T00:11:22","date_gmt":"2017-09-05T05:11:22","guid":{"rendered":"http:\/\/www.diarioimagen.net\/?p=342673"},"modified":"2017-09-05T05:36:02","modified_gmt":"2017-09-05T10:36:02","slug":"convoca-difem-a-redoblar-esfuerzos-en-pro-de-grupos-vulnerables","status":"publish","type":"post","link":"https:\/\/www.diarioimagen.net\/?p=342673","title":{"rendered":"Convoca DIFEM a redoblar esfuerzos en pro de grupos vulnerables"},"content":{"rendered":"<ul>\n<li><strong><em>Reuni\u00f3n con titulares de 66 sistemas municipales<\/em><\/strong><\/li>\n<\/ul>\n<p>&nbsp;<\/p>\n<div id=\"attachment_342766\" style=\"width: 470px\" class=\"wp-caption aligncenter\"><a href=\"http:\/\/www.diarioimagen.net\/?attachment_id=342766\" rel=\"attachment wp-att-342766\"><img loading=\"lazy\" decoding=\"async\" aria-describedby=\"caption-attachment-342766\" class=\"size-large wp-image-342766\" src=\"http:\/\/www.diarioimagen.net\/wp-content\/uploads\/2017\/09\/DIFEM-3200-460x300.jpg\" alt=\"\" width=\"460\" height=\"300\" srcset=\"https:\/\/www.diarioimagen.net\/wp-content\/uploads\/2017\/09\/DIFEM-3200-460x300.jpg 460w, https:\/\/www.diarioimagen.net\/wp-content\/uploads\/2017\/09\/DIFEM-3200-240x157.jpg 240w, https:\/\/www.diarioimagen.net\/wp-content\/uploads\/2017\/09\/DIFEM-3200.jpg 680w\" sizes=\"auto, (max-width: 460px) 100vw, 460px\" \/><\/a><p id=\"caption-attachment-342766\" class=\"wp-caption-text\">Carolina Alan\u00eds Moreno, directora general del DIFEM, exhort\u00f3 a sistemas municipales a redoblar esfuerzos y seguir trabajando unidos para ayudar a los grupos vulnerables.<\/p><\/div>\n<p>&nbsp;<\/p>\n<p><strong>Ocoyoacac, Estado de M\u00e9xico<\/strong>.- Al reunirse con titulares de 66 Sistemas Municipales DIF que integran el Valle de Toluca, Carolina Alan\u00eds Moreno, directora general del DIF Estado de M\u00e9xico, los exhort\u00f3 a redoblar esfuerzos y seguir trabajando unidos para ayudar a los grupos vulnerables, que muchas veces encuentran en esta instituci\u00f3n su \u00fanica esperanza para salir adelante.<\/p>\n<p>\u201cEl DIF representa el rostro humano de la administraci\u00f3n; duele ver a ni\u00f1os v\u00edctimas de violencia, j\u00f3venes desolados que buscan refugio en las drogas o en un embarazo temprano, mujeres que solas se afanan por dar lo mejor a sus hijos, personas con discapacidad que tienen limitada su vida de manera temporal o permanente, adultos mayores cuya mayor enfermedad no es el Alzheimer ni el Parkinson, sino el hecho de que nadie los valora, reconoce, ni los acompa\u00f1a en esta parte de su vida\u201d, afirm\u00f3 Carolina Alan\u00eds.<\/p>\n<p>Acompa\u00f1ada por Diana P\u00e9rez Barrag\u00e1n, presidenta municipal de Ocoyoacac, y Silvino P\u00e9rez Barrag\u00e1n, presidente del Sistema Municipal DIF, Carolina Alan\u00eds reconoci\u00f3 el trabajo, entrega y compromiso de las titulares de los DIF del Valle de Toluca, con quienes el DIFEM mantiene una estrecha coordinaci\u00f3n en favor de los grupos vulnerables.<\/p>\n<p>\u201cDesde el DIF podemos hacer que las cosas sucedan, por ello les invito a que la rutina no nuble la posibilidad de apreciar la importancia de la labor que desempe\u00f1amos todos los d\u00edas; si esto sucede, perdemos la oportunidad de apoyar a quien m\u00e1s lo necesita, ya que m\u00e1s all\u00e1 de los n\u00fameros, lo fundamental es lo que permite cambiar, transformar y tocar la vida de los dem\u00e1s\u201d, puntualiz\u00f3.<\/p>\n<p>La directora del DIFEM refiri\u00f3 que trabajar en este organismo representa un reto en cada uno de los municipios y en la sociedad, adem\u00e1s de que permite a los servidores p\u00fablicos descubrir la gran capacidad de amar, que junto con valores y principios, define lo que cada quien es como persona.<\/p>\n","protected":false},"excerpt":{"rendered":"<p>Al reunirse con titulares de 66 Sistemas Municipales DIF que integran el Valle de Toluca, Carolina Alan\u00eds Moreno, directora general del DIF Estado de M\u00e9xico, los exhort\u00f3 a redoblar esfuerzos y seguir<\/p>\n","protected":false},"author":3,"featured_media":342766,"comment_status":"open","ping_status":"open","sticky":false,"template":"","format":"standard","meta":{"_monsterinsights_skip_tracking":false,"_monsterinsights_sitenote_active":false,"_monsterinsights_sitenote_note":"","_monsterinsights_sitenote_category":0,"footnotes":""},"categories":[5],"tags":[52851,394,43675,6774],"class_list":["post-342673","post","type-post","status-publish","format-standard","has-post-thumbnail","hentry","category-estado-de-mexico","tag-carolina-alanis-moreno","tag-difem","tag-estado-de-mexico","tag-ocoyoacac"],"_links":{"self":[{"href":"https:\/\/www.diarioimagen.net\/index.php?rest_route=\/wp\/v2\/posts\/342673","targetHints":{"allow":["GET"]}}],"collection":[{"href":"https:\/\/www.diarioimagen.net\/index.php?rest_route=\/wp\/v2\/posts"}],"about":[{"href":"https:\/\/www.diarioimagen.net\/index.php?rest_route=\/wp\/v2\/types\/post"}],"author":[{"embeddable":true,"href":"https:\/\/www.diarioimagen.net\/index.php?rest_route=\/wp\/v2\/users\/3"}],"replies":[{"embeddable":true,"href":"https:\/\/www.diarioimagen.net\/index.php?rest_route=%2Fwp%2Fv2%2Fcomments&post=342673"}],"version-history":[{"count":0,"href":"https:\/\/www.diarioimagen.net\/index.php?rest_route=\/wp\/v2\/posts\/342673\/revisions"}],"wp:featuredmedia":[{"embeddable":true,"href":"https:\/\/www.diarioimagen.net\/index.php?rest_route=\/wp\/v2\/media\/342766"}],"wp:attachment":[{"href":"https:\/\/www.diarioimagen.net\/index.php?rest_route=%2Fwp%2Fv2%2Fmedia&parent=342673"}],"wp:term":[{"taxonomy":"category","embeddable":true,"href":"https:\/\/www.diarioimagen.net\/index.php?rest_route=%2Fwp%2Fv2%2Fcategories&post=342673"},{"taxonomy":"post_tag","embeddable":true,"href":"https:\/\/www.diarioimagen.net\/index.php?rest_route=%2Fwp%2Fv2%2Ftags&post=342673"}],"curies":[{"name":"wp","href":"https:\/\/api.w.org\/{rel}","templated":true}]}}