{"id":342677,"date":"2017-09-05T00:10:59","date_gmt":"2017-09-05T05:10:59","guid":{"rendered":"http:\/\/www.diarioimagen.net\/?p=342677"},"modified":"2017-09-05T05:37:09","modified_gmt":"2017-09-05T10:37:09","slug":"hay-trabajo-coordinado-con-delegados-nacionales","status":"publish","type":"post","link":"https:\/\/www.diarioimagen.net\/?p=342677","title":{"rendered":"Hay trabajo coordinado con delegados nacionales"},"content":{"rendered":"<h2>Arco Norte<\/h2>\n<h5>Jos\u00e9 Luis Monta\u00f1ez Aguilar<\/h5>\n<p>&nbsp;<\/p>\n<p><a href=\"http:\/\/www.diarioimagen.net\/?attachment_id=342769\" rel=\"attachment wp-att-342769\"><img loading=\"lazy\" decoding=\"async\" class=\"aligncenter size-large wp-image-342769\" src=\"http:\/\/www.diarioimagen.net\/wp-content\/uploads\/2017\/09\/arco-3200-460x259.jpg\" alt=\"\" width=\"460\" height=\"259\" srcset=\"https:\/\/www.diarioimagen.net\/wp-content\/uploads\/2017\/09\/arco-3200-460x259.jpg 460w, https:\/\/www.diarioimagen.net\/wp-content\/uploads\/2017\/09\/arco-3200-240x135.jpg 240w, https:\/\/www.diarioimagen.net\/wp-content\/uploads\/2017\/09\/arco-3200-235x132.jpg 235w, https:\/\/www.diarioimagen.net\/wp-content\/uploads\/2017\/09\/arco-3200-202x114.jpg 202w, https:\/\/www.diarioimagen.net\/wp-content\/uploads\/2017\/09\/arco-3200-350x196.jpg 350w, https:\/\/www.diarioimagen.net\/wp-content\/uploads\/2017\/09\/arco-3200-220x123.jpg 220w, https:\/\/www.diarioimagen.net\/wp-content\/uploads\/2017\/09\/arco-3200-237x132.jpg 237w, https:\/\/www.diarioimagen.net\/wp-content\/uploads\/2017\/09\/arco-3200.jpg 480w\" sizes=\"auto, (max-width: 460px) 100vw, 460px\" \/><\/a><\/p>\n<p>&nbsp;<\/p>\n<p>Al reunirse con los m\u00e1s de 70 delegados de las secretar\u00edas e instituciones federales en el Estado de M\u00e9xico, el gobernador Eruviel \u00c1vila Villegas reconoci\u00f3 el trabajo coordinado y en equipo que hicieron con la administraci\u00f3n estatal durante los \u00faltimos seis a\u00f1os, lo que permiti\u00f3 conseguir avances y logros que se reflejan en una mejor calidad de vida para los mexiquenses, y los invit\u00f3 a continuar por ese mismo camino, apoyando a la nueva administraci\u00f3n estatal.<\/p>\n<p>\u201cExpresarles mi gratitud como gobernador del Estado de M\u00e9xico, expresarles la gratitud de mis compa\u00f1eros de trabajo, porque juntos en estos seis a\u00f1os hicimos un gran equipo de trabajo; la gente quiere resultados, y procuramos estos seis a\u00f1os, darle resultados en diferentes rubros, en diferentes materias, producto de este trabajo en equipo\u201d, manifest\u00f3.<\/p>\n<p>En el Sal\u00f3n del Pueblo, y acompa\u00f1ado por Enrique Dena Salgado, comandante de la 22\/a. Zona Militar, Eruviel \u00c1vila indic\u00f3 que resultado del trabajo en equipo y del di\u00e1logo constante con las dependencias federales, en el Edomex consigui\u00f3 reducir los indicadores de carencia alimentaria y vivienda, abatir el rezago educativo y mejorar el acceso a servicios de salud, indicadores destacados por el Consejo Nacional de Evaluaci\u00f3n de la Pol\u00edtica de Desarrollo Social (Coneval).<\/p>\n<p>\u201cFue tanta la madurez, el profesionalismo, el oficio pol\u00edtico, el oficio como servidor p\u00fablico, que insisto, todo fue coordinaci\u00f3n y trabajo en equipo. Y por algo hoy tenemos y estamos entregando estos muy buenos resultados, tanto a nivel nacional como a concretamente aqu\u00ed, en el Estado de M\u00e9xico\u201d, expres\u00f3 Eruviel \u00c1vila hizo votos para que las relaciones de coordinaci\u00f3n que existen con estas instituciones prevalezcan con la pr\u00f3xima administraci\u00f3n estatal, que encabezar\u00e1 el gobernador electo Alfredo del Mazo Maza, para continuar dando los resultados que los mexiquenses necesitan.<\/p>\n<p>\u201cLes invito a que sigamos trabajando en unidad, los exhorto para que sigamos unidos trabajando, para que le vaya muy bien al gobernador Alfredo del Mazo\u201d, puntualiz\u00f3.<\/p>\n<p><em><a href=\"mailto:montanezaguilar@gmail.com\" target=\"_blank\" rel=\"noopener noreferrer\">montanezaguilar@gmail.com<\/a><\/em><\/p>\n","protected":false},"excerpt":{"rendered":"<p><span style=\"color: #005497;\">Jos\u00e9 Luis Monta\u00f1ez Aguilar<\/span><br \/>\n<br \/>\nAl reunirse con los m\u00e1s de 70 delegados de las secretar\u00edas e instituciones federales en el Estado de M\u00e9xico, el gobernador Eruviel \u00c1vila Villegas reconoci\u00f3 el trabajo<\/p>\n","protected":false},"author":3,"featured_media":342769,"comment_status":"open","ping_status":"open","sticky":false,"template":"","format":"standard","meta":{"_monsterinsights_skip_tracking":false,"_monsterinsights_sitenote_active":false,"_monsterinsights_sitenote_note":"","_monsterinsights_sitenote_category":0,"footnotes":""},"categories":[5],"tags":[13284,43704,43674],"class_list":["post-342677","post","type-post","status-publish","format-standard","has-post-thumbnail","hentry","category-estado-de-mexico","tag-arco-norte","tag-jose-luis-montanez-aguilar","tag-opinion"],"_links":{"self":[{"href":"https:\/\/www.diarioimagen.net\/index.php?rest_route=\/wp\/v2\/posts\/342677","targetHints":{"allow":["GET"]}}],"collection":[{"href":"https:\/\/www.diarioimagen.net\/index.php?rest_route=\/wp\/v2\/posts"}],"about":[{"href":"https:\/\/www.diarioimagen.net\/index.php?rest_route=\/wp\/v2\/types\/post"}],"author":[{"embeddable":true,"href":"https:\/\/www.diarioimagen.net\/index.php?rest_route=\/wp\/v2\/users\/3"}],"replies":[{"embeddable":true,"href":"https:\/\/www.diarioimagen.net\/index.php?rest_route=%2Fwp%2Fv2%2Fcomments&post=342677"}],"version-history":[{"count":0,"href":"https:\/\/www.diarioimagen.net\/index.php?rest_route=\/wp\/v2\/posts\/342677\/revisions"}],"wp:featuredmedia":[{"embeddable":true,"href":"https:\/\/www.diarioimagen.net\/index.php?rest_route=\/wp\/v2\/media\/342769"}],"wp:attachment":[{"href":"https:\/\/www.diarioimagen.net\/index.php?rest_route=%2Fwp%2Fv2%2Fmedia&parent=342677"}],"wp:term":[{"taxonomy":"category","embeddable":true,"href":"https:\/\/www.diarioimagen.net\/index.php?rest_route=%2Fwp%2Fv2%2Fcategories&post=342677"},{"taxonomy":"post_tag","embeddable":true,"href":"https:\/\/www.diarioimagen.net\/index.php?rest_route=%2Fwp%2Fv2%2Ftags&post=342677"}],"curies":[{"name":"wp","href":"https:\/\/api.w.org\/{rel}","templated":true}]}}