{"id":342681,"date":"2017-09-05T00:04:17","date_gmt":"2017-09-05T05:04:17","guid":{"rendered":"http:\/\/www.diarioimagen.net\/?p=342681"},"modified":"2017-09-05T05:27:24","modified_gmt":"2017-09-05T10:27:24","slug":"firma-uaem-convenio-con-conapo-continuaran-guiando-estrategias-en-beneficio-de-la-poblacion","status":"publish","type":"post","link":"https:\/\/www.diarioimagen.net\/?p=342681","title":{"rendered":"Firma UAEM convenio con Conapo; continuar\u00e1n guiando estrategias en beneficio de la poblaci\u00f3n"},"content":{"rendered":"<p><a href=\"http:\/\/www.diarioimagen.net\/?attachment_id=342811\" rel=\"attachment wp-att-342811\"><img loading=\"lazy\" decoding=\"async\" class=\"aligncenter size-large wp-image-342811\" src=\"http:\/\/www.diarioimagen.net\/wp-content\/uploads\/2017\/09\/UAEM-3200-460x307.jpg\" alt=\"\" width=\"460\" height=\"307\" srcset=\"https:\/\/www.diarioimagen.net\/wp-content\/uploads\/2017\/09\/UAEM-3200-460x307.jpg 460w, https:\/\/www.diarioimagen.net\/wp-content\/uploads\/2017\/09\/UAEM-3200-240x160.jpg 240w, https:\/\/www.diarioimagen.net\/wp-content\/uploads\/2017\/09\/UAEM-3200.jpg 700w\" sizes=\"auto, (max-width: 460px) 100vw, 460px\" \/><\/a><\/p>\n<p>&nbsp;<\/p>\n<p><strong>Toluca, Estado de M\u00e9xico<\/strong>.- El rector de la Universidad Aut\u00f3noma del Estado de M\u00e9xico, Alfredo Barrera Baca, firm\u00f3 un convenio general de colaboraci\u00f3n con la secretaria general del Consejo Nacional de Poblaci\u00f3n (Conapo), Patricia Chemor Ruiz, que permitir\u00e1, entre otros aspectos, afianzar los prop\u00f3sitos nodales del Plan Rector de Desarrollo Institucional 2017-2021, que en breve se presentar\u00e1 a la comunidad universitaria y la sociedad.<\/p>\n","protected":false},"excerpt":{"rendered":"<p>El rector de la Universidad Aut\u00f3noma del Estado de M\u00e9xico, Alfredo Barrera Baca, firm\u00f3 un convenio general de colaboraci\u00f3n con la secretaria general del Consejo Nacional de Poblaci\u00f3n (Conapo), Patricia Chemor Ruiz, que permitir\u00e1, entre otros aspectos, afianzar los prop\u00f3sitos nodales del Plan Rector de Desarrollo Institucional 2017-2021, que en breve se presentar\u00e1 a la comunidad universitaria y la sociedad.<\/p>\n","protected":false},"author":3,"featured_media":342811,"comment_status":"open","ping_status":"open","sticky":false,"template":"","format":"standard","meta":{"_monsterinsights_skip_tracking":false,"_monsterinsights_sitenote_active":false,"_monsterinsights_sitenote_note":"","_monsterinsights_sitenote_category":0,"footnotes":""},"categories":[35155],"tags":[43675,7017,452,1491],"class_list":["post-342681","post","type-post","status-publish","format-standard","has-post-thumbnail","hentry","category-estado-de-mexico-estado-de-mexico","tag-estado-de-mexico","tag-poblacion","tag-toluca","tag-uaem"],"_links":{"self":[{"href":"https:\/\/www.diarioimagen.net\/index.php?rest_route=\/wp\/v2\/posts\/342681","targetHints":{"allow":["GET"]}}],"collection":[{"href":"https:\/\/www.diarioimagen.net\/index.php?rest_route=\/wp\/v2\/posts"}],"about":[{"href":"https:\/\/www.diarioimagen.net\/index.php?rest_route=\/wp\/v2\/types\/post"}],"author":[{"embeddable":true,"href":"https:\/\/www.diarioimagen.net\/index.php?rest_route=\/wp\/v2\/users\/3"}],"replies":[{"embeddable":true,"href":"https:\/\/www.diarioimagen.net\/index.php?rest_route=%2Fwp%2Fv2%2Fcomments&post=342681"}],"version-history":[{"count":0,"href":"https:\/\/www.diarioimagen.net\/index.php?rest_route=\/wp\/v2\/posts\/342681\/revisions"}],"wp:featuredmedia":[{"embeddable":true,"href":"https:\/\/www.diarioimagen.net\/index.php?rest_route=\/wp\/v2\/media\/342811"}],"wp:attachment":[{"href":"https:\/\/www.diarioimagen.net\/index.php?rest_route=%2Fwp%2Fv2%2Fmedia&parent=342681"}],"wp:term":[{"taxonomy":"category","embeddable":true,"href":"https:\/\/www.diarioimagen.net\/index.php?rest_route=%2Fwp%2Fv2%2Fcategories&post=342681"},{"taxonomy":"post_tag","embeddable":true,"href":"https:\/\/www.diarioimagen.net\/index.php?rest_route=%2Fwp%2Fv2%2Ftags&post=342681"}],"curies":[{"name":"wp","href":"https:\/\/api.w.org\/{rel}","templated":true}]}}