{"id":342708,"date":"2017-09-05T00:08:23","date_gmt":"2017-09-05T05:08:23","guid":{"rendered":"http:\/\/www.diarioimagen.net\/?p=342708"},"modified":"2017-09-05T04:55:38","modified_gmt":"2017-09-05T09:55:38","slug":"entrega-el-alcalde-de-metepec-3-9-mdp-en-obras-para-escuela","status":"publish","type":"post","link":"https:\/\/www.diarioimagen.net\/?p=342708","title":{"rendered":"Entrega el alcalde de Metepec 3.9 mdp en obras para escuela"},"content":{"rendered":"<ul>\n<li><strong><em>En la colonia Agr\u00edcola Francisco I. Madero<\/em><\/strong><\/li>\n<\/ul>\n<p>&nbsp;<\/p>\n<div id=\"attachment_342797\" style=\"width: 470px\" class=\"wp-caption aligncenter\"><a href=\"http:\/\/www.diarioimagen.net\/?attachment_id=342797\" rel=\"attachment wp-att-342797\"><img loading=\"lazy\" decoding=\"async\" aria-describedby=\"caption-attachment-342797\" class=\"size-large wp-image-342797\" src=\"http:\/\/www.diarioimagen.net\/wp-content\/uploads\/2017\/09\/METEPEC-3200-460x279.jpg\" alt=\"\" width=\"460\" height=\"279\" srcset=\"https:\/\/www.diarioimagen.net\/wp-content\/uploads\/2017\/09\/METEPEC-3200-460x279.jpg 460w, https:\/\/www.diarioimagen.net\/wp-content\/uploads\/2017\/09\/METEPEC-3200-240x146.jpg 240w, https:\/\/www.diarioimagen.net\/wp-content\/uploads\/2017\/09\/METEPEC-3200.jpg 700w\" sizes=\"auto, (max-width: 460px) 100vw, 460px\" \/><\/a><p id=\"caption-attachment-342797\" class=\"wp-caption-text\">El alcalde, David L\u00f3pez C\u00e1rdenas, entreg\u00f3 la nueva infraestructura educativa a la escuela primaria Agust\u00edn Melgar de la colonia Agr\u00edcola Francisco I. Madero.<\/p><\/div>\n<p>&nbsp;<\/p>\n<p><strong>Metepec, Estado de M\u00e9xico<\/strong>.-\u00a0M\u00e1s de 500 alumnos de la escuela primaria Agust\u00edn Melgar de la colonia Agr\u00edcola Francisco I. Madero, celebraron la inauguraci\u00f3n de tres aulas did\u00e1cticas, un m\u00f3dulo administrativo, ba\u00f1os y dos canchas deportivas multifuncionales.<\/p>\n<p>En gira de trabajo, el alcalde David L\u00f3pez C\u00e1rdenas entreg\u00f3 la nueva infraestructura educativa a la comunidad escolar, la cual tuvo una inversi\u00f3n de 3.9 millones de pesos de recursos provenientes de la empresa desarrolladora de vivienda, Portofino Royal Club, como parte de los compromisos con el ayuntamiento para beneficio de la sociedad.<\/p>\n<p>En la \u00faltima jornada donde se otorgaron apoyos del programa \u201cMetepec Decide Contigo por la Educaci\u00f3n\u201d, consistentes en la entrega de chamarras, mochilas o loncheras y tenis para m\u00e1s de 36 mil alumnos de 127 escuelas p\u00fablicas de la demarcaci\u00f3n con una erogaci\u00f3n de casi 30 millones de pesos de recursos propios, el presidente municipal anunci\u00f3 en el lugar, la construcci\u00f3n de un arcotecho, lo que rubric\u00f3 el evento en medio de la algarab\u00eda de los alumnos, padres de familia y profesores.<\/p>\n<p>L\u00f3pez C\u00e1rdenas reiter\u00f3 el compromiso de su gobierno para seguir impulsando con decisi\u00f3n las causas que alienten el aprovechamiento educativo de la ni\u00f1ez y los j\u00f3venes.<\/p>\n","protected":false},"excerpt":{"rendered":"<p>M\u00e1s de 500 alumnos de la escuela primaria Agust\u00edn Melgar de la colonia Agr\u00edcola Francisco I. Madero, celebraron la inauguraci\u00f3n de tres aulas did\u00e1cticas, un m\u00f3dulo administrativo, ba\u00f1os y dos canchas deportivas multifuncionales.<\/p>\n","protected":false},"author":3,"featured_media":342797,"comment_status":"open","ping_status":"open","sticky":false,"template":"","format":"standard","meta":{"_monsterinsights_skip_tracking":false,"_monsterinsights_sitenote_active":false,"_monsterinsights_sitenote_note":"","_monsterinsights_sitenote_category":0,"footnotes":""},"categories":[35155],"tags":[21479,43675,876,13417],"class_list":["post-342708","post","type-post","status-publish","format-standard","has-post-thumbnail","hentry","category-estado-de-mexico-estado-de-mexico","tag-escuela","tag-estado-de-mexico","tag-metepec","tag-obras"],"_links":{"self":[{"href":"https:\/\/www.diarioimagen.net\/index.php?rest_route=\/wp\/v2\/posts\/342708","targetHints":{"allow":["GET"]}}],"collection":[{"href":"https:\/\/www.diarioimagen.net\/index.php?rest_route=\/wp\/v2\/posts"}],"about":[{"href":"https:\/\/www.diarioimagen.net\/index.php?rest_route=\/wp\/v2\/types\/post"}],"author":[{"embeddable":true,"href":"https:\/\/www.diarioimagen.net\/index.php?rest_route=\/wp\/v2\/users\/3"}],"replies":[{"embeddable":true,"href":"https:\/\/www.diarioimagen.net\/index.php?rest_route=%2Fwp%2Fv2%2Fcomments&post=342708"}],"version-history":[{"count":0,"href":"https:\/\/www.diarioimagen.net\/index.php?rest_route=\/wp\/v2\/posts\/342708\/revisions"}],"wp:featuredmedia":[{"embeddable":true,"href":"https:\/\/www.diarioimagen.net\/index.php?rest_route=\/wp\/v2\/media\/342797"}],"wp:attachment":[{"href":"https:\/\/www.diarioimagen.net\/index.php?rest_route=%2Fwp%2Fv2%2Fmedia&parent=342708"}],"wp:term":[{"taxonomy":"category","embeddable":true,"href":"https:\/\/www.diarioimagen.net\/index.php?rest_route=%2Fwp%2Fv2%2Fcategories&post=342708"},{"taxonomy":"post_tag","embeddable":true,"href":"https:\/\/www.diarioimagen.net\/index.php?rest_route=%2Fwp%2Fv2%2Ftags&post=342708"}],"curies":[{"name":"wp","href":"https:\/\/api.w.org\/{rel}","templated":true}]}}