{"id":342710,"date":"2017-09-05T00:07:05","date_gmt":"2017-09-05T05:07:05","guid":{"rendered":"http:\/\/www.diarioimagen.net\/?p=342710"},"modified":"2017-09-05T05:22:44","modified_gmt":"2017-09-05T10:22:44","slug":"refuerza-el-gobierno-programa-de-ingles-para-alumnos-tlalnepantlenses","status":"publish","type":"post","link":"https:\/\/www.diarioimagen.net\/?p=342710","title":{"rendered":"Refuerza el gobierno programa de  ingl\u00e9s para alumnos tlalnepantlenses"},"content":{"rendered":"<ul>\n<li><strong><em>Inician clases de arte en escuelas p\u00fablicas<\/em><\/strong><\/li>\n<\/ul>\n<p>&nbsp;<\/p>\n<p><a href=\"http:\/\/www.diarioimagen.net\/?attachment_id=342800\" rel=\"attachment wp-att-342800\"><img loading=\"lazy\" decoding=\"async\" class=\"aligncenter size-large wp-image-342800\" src=\"http:\/\/www.diarioimagen.net\/wp-content\/uploads\/2017\/09\/TLALNEPANTLA-3200-460x307.jpg\" alt=\"\" width=\"460\" height=\"307\" srcset=\"https:\/\/www.diarioimagen.net\/wp-content\/uploads\/2017\/09\/TLALNEPANTLA-3200-460x307.jpg 460w, https:\/\/www.diarioimagen.net\/wp-content\/uploads\/2017\/09\/TLALNEPANTLA-3200-240x160.jpg 240w, https:\/\/www.diarioimagen.net\/wp-content\/uploads\/2017\/09\/TLALNEPANTLA-3200.jpg 700w\" sizes=\"auto, (max-width: 460px) 100vw, 460px\" \/><\/a><\/p>\n<p>&nbsp;<\/p>\n<p><strong>Tlalnepantla, Estado de M\u00e9xico<\/strong>.- La presidenta municipal, Denisse Ugalde Alegr\u00eda, puso en marcha el programa de Clases de Arte para alumnos de primero y segundo grado de primaria, as\u00ed como la ampliaci\u00f3n de clases de ingl\u00e9s para estudiantes de tercer grado, iniciativas que elevar\u00e1n la calidad educativa de los ni\u00f1os tlalnepantlenses.<\/p>\n<p>Ante alumnos, padres de familia y profesores de arte, ingl\u00e9s y computaci\u00f3n, la alcaldesa enfatiz\u00f3 que Tlalnepantla se ha distinguido por el impulso que brinda a la educaci\u00f3n y la inversi\u00f3n que destina a programas innovadores que garantizan un aprendizaje integral de los estudiantes.<\/p>\n<p>Record\u00f3 que este municipio es el \u00fanico a nivel nacional que imparte a sus alumnos de cuarto, quinto y sexto grado el idioma ingl\u00e9s, asignatura que en este ciclo escolar se ampl\u00eda para los de tercer grado de 194 primarias oficiales, favoreciendo a 32 mil alumnos.<\/p>\n<p>Adicionalmente, dijo, en las escuelas de tiempo completo, la ense\u00f1anza del idioma extranjero es desde primero y hasta sexto grado.<\/p>\n<p>En este evento, la presidenta municipal y autoridades educativas tambi\u00e9n iniciaron la entrega de los 39 mil libros \u201cPlay and play\u201d, que el gobierno local otorga a los educados como un apoyo did\u00e1ctico para sus clases.<\/p>\n<p>###<\/p>\n<p>&nbsp;<\/p>\n<p><strong>Denisse Ugalde Alegr\u00eda<\/strong> puso en marcha el programa de Clases de Arte para alumnos de primero y segundo de primaria.<\/p>\n","protected":false},"excerpt":{"rendered":"<p>La presidenta municipal, Denisse Ugalde Alegr\u00eda, puso en marcha el programa de Clases de Arte para alumnos de primero y segundo grado de primaria, as\u00ed como la ampliaci\u00f3n de clases de ingl\u00e9s para estudiantes de tercer grado, iniciativas que elevar\u00e1n la calidad educativa de los ni\u00f1os tlalnepantlenses.<\/p>\n","protected":false},"author":3,"featured_media":342800,"comment_status":"open","ping_status":"open","sticky":false,"template":"","format":"standard","meta":{"_monsterinsights_skip_tracking":false,"_monsterinsights_sitenote_active":false,"_monsterinsights_sitenote_note":"","_monsterinsights_sitenote_category":0,"footnotes":""},"categories":[35155],"tags":[43675,7711,48533,169],"class_list":["post-342710","post","type-post","status-publish","format-standard","has-post-thumbnail","hentry","category-estado-de-mexico-estado-de-mexico","tag-estado-de-mexico","tag-ingles","tag-programa","tag-tlalnepantla"],"_links":{"self":[{"href":"https:\/\/www.diarioimagen.net\/index.php?rest_route=\/wp\/v2\/posts\/342710","targetHints":{"allow":["GET"]}}],"collection":[{"href":"https:\/\/www.diarioimagen.net\/index.php?rest_route=\/wp\/v2\/posts"}],"about":[{"href":"https:\/\/www.diarioimagen.net\/index.php?rest_route=\/wp\/v2\/types\/post"}],"author":[{"embeddable":true,"href":"https:\/\/www.diarioimagen.net\/index.php?rest_route=\/wp\/v2\/users\/3"}],"replies":[{"embeddable":true,"href":"https:\/\/www.diarioimagen.net\/index.php?rest_route=%2Fwp%2Fv2%2Fcomments&post=342710"}],"version-history":[{"count":0,"href":"https:\/\/www.diarioimagen.net\/index.php?rest_route=\/wp\/v2\/posts\/342710\/revisions"}],"wp:featuredmedia":[{"embeddable":true,"href":"https:\/\/www.diarioimagen.net\/index.php?rest_route=\/wp\/v2\/media\/342800"}],"wp:attachment":[{"href":"https:\/\/www.diarioimagen.net\/index.php?rest_route=%2Fwp%2Fv2%2Fmedia&parent=342710"}],"wp:term":[{"taxonomy":"category","embeddable":true,"href":"https:\/\/www.diarioimagen.net\/index.php?rest_route=%2Fwp%2Fv2%2Fcategories&post=342710"},{"taxonomy":"post_tag","embeddable":true,"href":"https:\/\/www.diarioimagen.net\/index.php?rest_route=%2Fwp%2Fv2%2Ftags&post=342710"}],"curies":[{"name":"wp","href":"https:\/\/api.w.org\/{rel}","templated":true}]}}