{"id":342941,"date":"2017-09-06T00:03:37","date_gmt":"2017-09-06T05:03:37","guid":{"rendered":"http:\/\/www.diarioimagen.net\/?p=342941"},"modified":"2017-09-06T02:38:30","modified_gmt":"2017-09-06T07:38:30","slug":"nino-chillon-y-miope","status":"publish","type":"post","link":"https:\/\/www.diarioimagen.net\/?p=342941","title":{"rendered":"Ni\u00f1o chill\u00f3n y miope"},"content":{"rendered":"<h2>De pe a pa<\/h2>\n<h5>Alberto Vieyra G.<\/h5>\n<p>&nbsp;<\/p>\n<p>El llamado <em>ni\u00f1o chill\u00f3n<\/em>, Ricardo Anaya, admite que s\u00ed aprob\u00f3 en la C\u00e1mara de Diputados el pase directo del fiscal general de la Rep\u00fablica, pero que no se dio cuenta\u2026 Pobre politicastro, adem\u00e1s de chill\u00f3n, menso.<\/p>\n<p>As\u00ed explic\u00f3 su <em>barrabasada<\/em> en el 2013 cuando era <em>pastor<\/em> de los diputados panistas en San Lazaro: \u201cEra una reforma muy compleja\u2026\u201d. Jeje\u2026 baboso <em>ni\u00f1o chill\u00f3n<\/em> que, como muchos otros lacayos, aprueban leyes sobre las rodillas y sin saber lo que aprobaron, as\u00ed est\u00e9n crucificando al pueblo de M\u00e9xico.<\/p>\n<p>As\u00ed ocurri\u00f3 hace m\u00e1s de un siglo, cuando los diputados aprobaron el uso de la banda presidencial al rev\u00e9s.<\/p>\n<p>\u2013- Ser\u00eda este \u00e1tomo de la comunicaci\u00f3n quien durante la campa\u00f1a presidencial del 2000 le hizo ver a Vicente Fox que la banda presidencial estaba al rev\u00e9s y que si la iba a usar as\u00ed \u2013-.<\/p>\n<p>El <em>paisano <\/em>de las momias de Guanajuato pel\u00f3 <em>tama\u00f1os ojotes<\/em> y me pidi\u00f3 que le explicara la aberraci\u00f3n que hab\u00edan cometido los diputados al aprobar la ley de usos de los s\u00edmbolos patrios.<\/p>\n<p>Lo hice y Vicente escuch\u00f3 con suma atenci\u00f3n. No agreg\u00f3 absolutamente nada; pero durante su mandato enviar\u00eda al Congreso de la Uni\u00f3n una iniciativa de ley para corregir semejante <em>metida de pata<\/em> de aquellos diputados que legislaron sin saber lo que estaban aprobando y lo peor es que ning\u00fan presidente de la rep\u00fablica ni ciudadanos se hab\u00edan dado cuenta del garrafal error hist\u00f3rico, como el que cometi\u00f3 el jerarca nacional del PAN en el 2013.<\/p>\n<p>\u201cEra una reforma muy compleja\u2026\u201d ha justificado el <em>ni\u00f1o chill\u00f3n<\/em> y agrega que \u201c\u2026 otros partidos tampoco observaron el pase autom\u00e1tico por 9 a\u00f1os del actual procurador Ra\u00fal Cervantes\u201d, quien por cierto ya fue arrollado por su colecci\u00f3n de Ferraris millonarios que guarda secretamente en una superresidencia secreta en Cuernavaca, Morelos.<\/p>\n<p>Qu\u00e9 quiere decir la imp\u00fadica revelaci\u00f3n de Ricardo Anaya, quien con su torpeza cometida en el 2013 ha llevado al Congreso de la Uni\u00f3n a una hist\u00f3rica crisis de constitucionalidad al no permitir la instalaci\u00f3n de la nueva mesa directiva en San L\u00e1zaro, y ha llevado al PAN al peor resquebrajamiento pol\u00edtico de su historia que podr\u00eda convertirlo en un partido de <em>la chiquillada<\/em> en las pr\u00f3ximas elecciones presidenciales.<\/p>\n<p style=\"text-align: center;\"><strong>La revelaci\u00f3n de Anaya tiene muchas lecturas <\/strong><\/p>\n<p>Primera: los diputados y senadores no leen, como ocurre con la mayor\u00eda de los mexicanos. Ese asunto es fundamental en la cat\u00e1strofe educativa que vive el pa\u00eds, aunque tambi\u00e9n la naci\u00f3n enfrenta a una cat\u00e1strofe ortogr\u00e1fica; pocos, muy pocos mexicanos saben escribir correctamente.<\/p>\n<p>Segunda, los legisladores se van exclusivamente por la l\u00ednea que les tiran sus dirigencias partidistas que ya comprometieron previamente sus acuerdos con el partido en el gobierno y, en muchos casos, por la venta millonaria de sus votos.<\/p>\n<p>Y tercera, la mayor\u00eda de los legisladores son <em>chambistas<\/em> que lograron el hueso pol\u00edtico por <em>lamebotas <\/em>o porque pertenecen a familias poderosas en los estados de la Rep\u00fablica, pero que no han tenido ninguna preparaci\u00f3n en materia legislativa y ni siquiera saben de cu\u00e1ntos art\u00edculos consta la constituci\u00f3n general de la rep\u00fablica.\u00a0 Triste realidad pol\u00edtica.<\/p>\n<p>\u00bfEstar\u00e1 lejos el d\u00eda en que diputados y senadores nos crucifiquen una y otra vez aprobando leyes impopulares y peligrosas, como lo hizo el <em>ni\u00f1o chill\u00f3n<\/em> don Ricardo Anaya, a quien el PRI y el PAN le hicieron una <em>aureola<\/em> de <em>El hombre maravilla<\/em>?<\/p>\n<p>S\u00f3lo que ese <em>hombre maravilla<\/em> se desmoron\u00f3 pol\u00edticamente como un castillo de arena cuando se hizo p\u00fablica su riqueza escondida de m\u00e1s de 333 millones de pesos, lo cual revel\u00f3 que \u00e9l y su familia se pudieron en dinero en tan s\u00f3lo 13 a\u00f1os, aunque usted no lo crea.<\/p>\n<p>Yo le pregunto: \u00bfQu\u00e9 le parece a usted esa maldita democracia que impera en los partidos pol\u00edticos, convertidos en lacras sociales que nos han reducido a los mexicanos a simples pagadores de impuestos y viles objetos de uso electoral?<\/p>\n<p><a href=\"mailto:%20%20info@agenciamn.com\" target=\"_blank\" rel=\"noopener noreferrer\"><em>info@agenciamn.com<\/em><\/a><\/p>\n","protected":false},"excerpt":{"rendered":"<p><span><span style=\"color: #005497;\"><strong>Alberto Vieyra G.<\/strong><\/span><\/span><\/p>\n","protected":false},"author":3,"featured_media":0,"comment_status":"open","ping_status":"open","sticky":false,"template":"","format":"standard","meta":{"_monsterinsights_skip_tracking":false,"_monsterinsights_sitenote_active":false,"_monsterinsights_sitenote_note":"","_monsterinsights_sitenote_category":0,"footnotes":""},"categories":[4596],"tags":[43697,4597,43674],"class_list":["post-342941","post","type-post","status-publish","format-standard","hentry","category-alberto-vieyra-g","tag-alberto-vieyra-g","tag-de-pe-a-pa","tag-opinion"],"_links":{"self":[{"href":"https:\/\/www.diarioimagen.net\/index.php?rest_route=\/wp\/v2\/posts\/342941","targetHints":{"allow":["GET"]}}],"collection":[{"href":"https:\/\/www.diarioimagen.net\/index.php?rest_route=\/wp\/v2\/posts"}],"about":[{"href":"https:\/\/www.diarioimagen.net\/index.php?rest_route=\/wp\/v2\/types\/post"}],"author":[{"embeddable":true,"href":"https:\/\/www.diarioimagen.net\/index.php?rest_route=\/wp\/v2\/users\/3"}],"replies":[{"embeddable":true,"href":"https:\/\/www.diarioimagen.net\/index.php?rest_route=%2Fwp%2Fv2%2Fcomments&post=342941"}],"version-history":[{"count":0,"href":"https:\/\/www.diarioimagen.net\/index.php?rest_route=\/wp\/v2\/posts\/342941\/revisions"}],"wp:attachment":[{"href":"https:\/\/www.diarioimagen.net\/index.php?rest_route=%2Fwp%2Fv2%2Fmedia&parent=342941"}],"wp:term":[{"taxonomy":"category","embeddable":true,"href":"https:\/\/www.diarioimagen.net\/index.php?rest_route=%2Fwp%2Fv2%2Fcategories&post=342941"},{"taxonomy":"post_tag","embeddable":true,"href":"https:\/\/www.diarioimagen.net\/index.php?rest_route=%2Fwp%2Fv2%2Ftags&post=342941"}],"curies":[{"name":"wp","href":"https:\/\/api.w.org\/{rel}","templated":true}]}}