{"id":343043,"date":"2017-09-07T00:07:11","date_gmt":"2017-09-07T05:07:11","guid":{"rendered":"http:\/\/www.diarioimagen.net\/?p=343043"},"modified":"2017-09-07T23:44:49","modified_gmt":"2017-09-08T04:44:49","slug":"sin-cambios-en-impuestos-paquete-economico-2018-meade","status":"publish","type":"post","link":"https:\/\/www.diarioimagen.net\/?p=343043","title":{"rendered":"Impuestos, sin cambios en el paquete econ\u00f3mico"},"content":{"rendered":"<ul>\n<li><strong><em>Continuar\u00e1n los ajustes al gasto p\u00fablico: Meade<\/em><\/strong><\/li>\n<\/ul>\n<p>&nbsp;<\/p>\n<div id=\"attachment_343044\" style=\"width: 470px\" class=\"wp-caption aligncenter\"><img loading=\"lazy\" decoding=\"async\" aria-describedby=\"caption-attachment-343044\" class=\"wp-image-343044 size-large\" src=\"http:\/\/www.diarioimagen.net\/wp-content\/uploads\/2017\/09\/MEADE7-portal-460x268.jpg\" alt=\"\" width=\"460\" height=\"268\" srcset=\"https:\/\/www.diarioimagen.net\/wp-content\/uploads\/2017\/09\/MEADE7-portal-460x268.jpg 460w, https:\/\/www.diarioimagen.net\/wp-content\/uploads\/2017\/09\/MEADE7-portal-240x140.jpg 240w, https:\/\/www.diarioimagen.net\/wp-content\/uploads\/2017\/09\/MEADE7-portal.jpg 480w\" sizes=\"auto, (max-width: 460px) 100vw, 460px\" \/><p id=\"caption-attachment-343044\" class=\"wp-caption-text\">Jos\u00e9 Antonio Meade anticip\u00f3 que para el pr\u00f3ximo a\u00f1o continuar\u00e1n con los ajustes al gasto p\u00fablico, pero por un monto menor.<\/p><\/div>\n<p>&nbsp;<\/p>\n<p>El secretario de Hacienda, Jos\u00e9 Antonio Meade Kuribre\u00f1a, adelant\u00f3 que el paquete econ\u00f3mico 2018 no plantear\u00e1 modificaciones en ning\u00fan impuesto y continuar\u00e1 con los ajustes al gasto p\u00fablico, pero por un monto menor a los a\u00f1os previos.<\/p>\n<p>El funcionario federal dijo que una de las caracter\u00edsticas de la propuesta de paquete econ\u00f3mico, que en representaci\u00f3n del Ejecutivo Federal entregar\u00e1 personalmente este viernes en la C\u00e1mara de Diputados, es que dar\u00e1 certidumbre en las variables econ\u00f3micas.<\/p>\n<p>\u201cNo se est\u00e1n planteando modificaciones en ninguno de los tributos y pensamos mantener la misma din\u00e1mica y la misma mec\u00e1nica que hemos seguido hasta ahora, que nos ha funcionado bien en el caso de las gasolina\u201d, abund\u00f3 en entrevista.<\/p>\n<p>As\u00ed, en 2018 seguir\u00e1 el esquema de \u201csuavizaci\u00f3n\u201d del precio de las gasolinas y se buscar\u00e1 que el presupuesto tenga m\u00e1s elementos para el combate a la inseguridad, agreg\u00f3 al t\u00e9rmino de su participaci\u00f3n en el 52 Congreso Internacional de Recursos Humanos de la Asociaci\u00f3n Mexicana en Direcci\u00f3n de Recursos Humanos (Amedirh).<\/p>\n<p>Ante la indefinici\u00f3n que hay en la C\u00e1mara de Diputados para integrar su Mesa Directiva, dijo que la Secretar\u00eda de Hacienda estar\u00e1 atenta para ver cu\u00e1l es la modalidad m\u00e1s conveniente de entrega, pues constitucionalmente, la fecha l\u00edmite para que el Ejecutivo entregue el documento es el 8 de septiembre.<\/p>\n<p>\u201cEstoy cierto que privar\u00e1 en el \u00e1nimo de todos los actores la necesidad de que el pa\u00eds funcione, de que mande certeza, de que sus instituciones est\u00e9n al d\u00eda, de que se cumpla con la ley, y de que todos cumplamos con la obligaci\u00f3n constitucional\u201d, expres\u00f3.<\/p>\n<p>Indic\u00f3 que el Ejecutivo cumplir\u00e1 con la entrega de un paquete econ\u00f3mico responsable este 8 de septiembre, con la disposici\u00f3n de coadyuvar y acompa\u00f1ar su an\u00e1lisis como se ha hecho todos los a\u00f1os.<\/p>\n<p>\u201cEstoy cierto que tendremos un buen paquete y que tendremos en las instituciones la capacidad plena y jur\u00eddica de procesarlo adecuadamente, para que en medio de la incertidumbre que hoy tiene el pa\u00eds, no abonemos un elemento de incertidumbre adicional\u201d, acot\u00f3.<\/p>\n<p>Sobre la estimaci\u00f3n del precio del petr\u00f3leo que contendr\u00eda el paquete econ\u00f3mico, precis\u00f3 que para determinar su cotizaci\u00f3n, la Secretar\u00eda de Hacienda no se deja guiar por la coyuntura, como los huracanes, sino por informaci\u00f3n sobre los futuros de los diferentes pecios.<\/p>\n<p>Adelant\u00f3 que la propuesta de paquete econ\u00f3mico tendr\u00e1 dos elementos de anclaje: por un lado, reducir el d\u00e9ficit fiscal y por otro, y dada la din\u00e1mica actual de ingresos, fijar un techo de gasto, el cual posiblemente ser\u00e1 superior al del a\u00f1o pasado.<\/p>\n<p>Precis\u00f3 que dentro este techo de gasto se tiene que tomar en cuenta algunos rubros que crecen m\u00e1s o menos igual que la recaudaci\u00f3n, como son las participaciones y aportaciones federales, pero tambi\u00e9n algunos rubros que crecen m\u00e1s, como el gasto pensionario.<\/p>\n<p>As\u00ed, ante las presiones al gasto que significa el rubro de pensiones, el Ejecutivo Federal plantear\u00e1 un ajuste al gasto administrativo del gobierno, \u201cde nuevo habremos de plantear que el Ejecutivo, el gobierno en un su operaci\u00f3n, en su administraci\u00f3n haga econom\u00edas y enfrente de nuevo un entorno de un recorte\u201d.<\/p>\n<p>Meade Kuribre\u00f1a aclar\u00f3 que el ajuste al gasto que se propondr\u00e1 para el a\u00f1o pr\u00f3ximo ser\u00e1 menor que el de a\u00f1os anteriores, con lo cual la administraci\u00f3n p\u00fablica estar\u00e1 en una mejor capacidad de asumirlo.<\/p>\n<p>Sobre la cancelaci\u00f3n del Programa de Acci\u00f3n Diferida para Llegados en la Infancia (DACA, por sus siglas en ingl\u00e9s) por parte del gobierno de Estado Unidos, dijo que la Canciller\u00eda mexicana ya ha mandado se\u00f1ales claras en defensa de los connacionales conocidos como \u201cdreamers\u201d.<\/p>\n<p>En este proceso, apunt\u00f3, la Secretar\u00eda de Hacienda, como lo ha instruido el Presidente Enrique Pe\u00f1a Nieto, habr\u00e1 de estar pendiente de que no le falten a la Canciller\u00eda ni este a\u00f1o, ni el que entra, los elementos que ocupe para hacerle frente a este reto.<\/p>\n","protected":false},"excerpt":{"rendered":"<p>El secretario de Hacienda, Jos\u00e9 Antonio Meade Kuribre\u00f1a, adelant\u00f3 que el paquete econ\u00f3mico 2018 no plantear\u00e1 modificaciones en ning\u00fan impuesto y continuar\u00e1 con los ajustes al gasto p\u00fablico, pero por un monto menor a los a\u00f1os previos.<\/p>\n","protected":false},"author":5,"featured_media":343044,"comment_status":"open","ping_status":"open","sticky":false,"template":"","format":"standard","meta":{"_monsterinsights_skip_tracking":false,"_monsterinsights_sitenote_active":false,"_monsterinsights_sitenote_note":"","_monsterinsights_sitenote_category":0,"footnotes":""},"categories":[8],"tags":[65169,65168,405,43053,6915,26429,44358,1101],"class_list":["post-343043","post","type-post","status-publish","format-standard","has-post-thumbnail","hentry","category-finanzas","tag-asociacion-mexicana-en-direccion-de-recursos-humanos","tag-cambios-en-impuestos","tag-ejecutivo-federal","tag-gasto-publico","tag-impuestos","tag-jose-antonio-meade-kuribrena","tag-paquete-economico","tag-secretaria-de-hacienda-y-credito-publico"],"_links":{"self":[{"href":"https:\/\/www.diarioimagen.net\/index.php?rest_route=\/wp\/v2\/posts\/343043","targetHints":{"allow":["GET"]}}],"collection":[{"href":"https:\/\/www.diarioimagen.net\/index.php?rest_route=\/wp\/v2\/posts"}],"about":[{"href":"https:\/\/www.diarioimagen.net\/index.php?rest_route=\/wp\/v2\/types\/post"}],"author":[{"embeddable":true,"href":"https:\/\/www.diarioimagen.net\/index.php?rest_route=\/wp\/v2\/users\/5"}],"replies":[{"embeddable":true,"href":"https:\/\/www.diarioimagen.net\/index.php?rest_route=%2Fwp%2Fv2%2Fcomments&post=343043"}],"version-history":[{"count":0,"href":"https:\/\/www.diarioimagen.net\/index.php?rest_route=\/wp\/v2\/posts\/343043\/revisions"}],"wp:featuredmedia":[{"embeddable":true,"href":"https:\/\/www.diarioimagen.net\/index.php?rest_route=\/wp\/v2\/media\/343044"}],"wp:attachment":[{"href":"https:\/\/www.diarioimagen.net\/index.php?rest_route=%2Fwp%2Fv2%2Fmedia&parent=343043"}],"wp:term":[{"taxonomy":"category","embeddable":true,"href":"https:\/\/www.diarioimagen.net\/index.php?rest_route=%2Fwp%2Fv2%2Fcategories&post=343043"},{"taxonomy":"post_tag","embeddable":true,"href":"https:\/\/www.diarioimagen.net\/index.php?rest_route=%2Fwp%2Fv2%2Ftags&post=343043"}],"curies":[{"name":"wp","href":"https:\/\/api.w.org\/{rel}","templated":true}]}}