{"id":343052,"date":"2017-09-07T00:00:44","date_gmt":"2017-09-07T05:00:44","guid":{"rendered":"http:\/\/www.diarioimagen.net\/?p=343052"},"modified":"2017-09-07T23:44:29","modified_gmt":"2017-09-08T04:44:29","slug":"eruviel-avila-rendira-su-ultimo-informe-a-los-mexiquenses","status":"publish","type":"post","link":"https:\/\/www.diarioimagen.net\/?p=343052","title":{"rendered":"Eruviel \u00c1vila rendir\u00e1 su \u00faltimo informe a los mexiquenses"},"content":{"rendered":"<ul>\n<li><em><strong>Este mi\u00e9rcoles a las 20:00 horas<\/strong><\/em><\/li>\n<\/ul>\n<p>&nbsp;<\/p>\n<div id=\"attachment_343053\" style=\"width: 470px\" class=\"wp-caption aligncenter\"><img loading=\"lazy\" decoding=\"async\" aria-describedby=\"caption-attachment-343053\" class=\"size-large wp-image-343053\" src=\"http:\/\/www.diarioimagen.net\/wp-content\/uploads\/2017\/09\/RECUENTO7ok-portal-460x268.jpg\" alt=\"\" width=\"460\" height=\"268\" srcset=\"https:\/\/www.diarioimagen.net\/wp-content\/uploads\/2017\/09\/RECUENTO7ok-portal-460x268.jpg 460w, https:\/\/www.diarioimagen.net\/wp-content\/uploads\/2017\/09\/RECUENTO7ok-portal-240x140.jpg 240w, https:\/\/www.diarioimagen.net\/wp-content\/uploads\/2017\/09\/RECUENTO7ok-portal.jpg 480w\" sizes=\"auto, (max-width: 460px) 100vw, 460px\" \/><p id=\"caption-attachment-343053\" class=\"wp-caption-text\">Eruviel \u00c1vila Villegas rendir\u00e1 la noche de este mi\u00e9rcoles su \u00faltimo y Sexto Informe de Resultados.<\/p><\/div>\n<p>&nbsp;<\/p>\n<p><strong>Toluca, Estado de M\u00e9xico<\/strong>.- El gobernador Eruviel \u00c1vila Villegas rendir\u00e1 la noche de este mi\u00e9rcoles su \u00faltimo y Sexto Informe de Resultados, en el que har\u00e1 un recuento de las acciones y logros alcanzados en educaci\u00f3n, salud, infraestructura, desarrollo social y medio ambiente, entre otros rubros.<\/p>\n<p>El mensaje ser\u00e1 transmitido a las 20:00 horas, a trav\u00e9s del Sistema de Radio y Televisi\u00f3n Mexiquense, as\u00ed como a trav\u00e9s del sitio eruviel.com.<\/p>\n<p>Para el jueves 7 de septiembre, por tercera ocasi\u00f3n se realizar\u00e1 la Mesa de Di\u00e1logo #EruvielTeResponde, donde participar\u00e1n representantes de medios de comunicaci\u00f3n, l\u00edderes de opini\u00f3n, influenciadores y usuarios de redes sociales, que dar\u00e1n voz a los ciudadanos, quienes previamente les enviar\u00e1n comentarios, preguntas, inquietudes y dudas que quieran plantear al gobernador mexiquense.<\/p>\n<p>En esta mesa participar\u00e1n el periodista Eduardo Ruiz Healy \/ @ruizhealy facebook\/eruizhealy; el conductor Mariano Osorio\/ @marianoosorio1 facebook\/MarianoOsorio; el periodista del Estado de M\u00e9xico Oscar Glenn @oscarglenn facebook\/oscar.glenn1; El encuestador Rodrigo Galv\u00e1n @rodgalvan10 facebook\/rodrigo.galvan.14; los influenciadores en redes sociales Reno Rojas @RenoRojas facebook\/renorojasoficial\/ y Fernando Lozada @MVT_Fer\u00a0\u00a0 facebook\/FernandoLozu; y como moderador el director del peri\u00f3dico La Raz\u00f3n Rub\u00e9n Cort\u00e9s @Ruben_Cortes facebook\/larazondemexico.<\/p>\n<p>La transmisi\u00f3n de este programa tambi\u00e9n ser\u00e1 por Radio y Televisi\u00f3n Mexiquense y el sitio web del gobernador Eruviel \u00c1vila.<\/p>\n","protected":false},"excerpt":{"rendered":"<p>El gobernador Eruviel \u00c1vila Villegas rendir\u00e1 la noche de este mi\u00e9rcoles su \u00faltimo y Sexto Informe de Resultados, en el que har\u00e1 un recuento de las acciones y logros alcanzados en educaci\u00f3n, salud, infraestructura, desarrollo social y medio ambiente, entre otros rubros.<\/p>\n","protected":false},"author":5,"featured_media":343053,"comment_status":"open","ping_status":"open","sticky":false,"template":"","format":"standard","meta":{"_monsterinsights_skip_tracking":false,"_monsterinsights_sitenote_active":false,"_monsterinsights_sitenote_note":"","_monsterinsights_sitenote_category":0,"footnotes":""},"categories":[5],"tags":[65177,43675,6609,65176,452,65175],"class_list":["post-343052","post","type-post","status-publish","format-standard","has-post-thumbnail","hentry","category-estado-de-mexico","tag-elevision-mexiquense","tag-estado-de-mexico","tag-mexiquenses","tag-sistema-de-radio","tag-toluca","tag-ultimo-informe"],"_links":{"self":[{"href":"https:\/\/www.diarioimagen.net\/index.php?rest_route=\/wp\/v2\/posts\/343052","targetHints":{"allow":["GET"]}}],"collection":[{"href":"https:\/\/www.diarioimagen.net\/index.php?rest_route=\/wp\/v2\/posts"}],"about":[{"href":"https:\/\/www.diarioimagen.net\/index.php?rest_route=\/wp\/v2\/types\/post"}],"author":[{"embeddable":true,"href":"https:\/\/www.diarioimagen.net\/index.php?rest_route=\/wp\/v2\/users\/5"}],"replies":[{"embeddable":true,"href":"https:\/\/www.diarioimagen.net\/index.php?rest_route=%2Fwp%2Fv2%2Fcomments&post=343052"}],"version-history":[{"count":0,"href":"https:\/\/www.diarioimagen.net\/index.php?rest_route=\/wp\/v2\/posts\/343052\/revisions"}],"wp:featuredmedia":[{"embeddable":true,"href":"https:\/\/www.diarioimagen.net\/index.php?rest_route=\/wp\/v2\/media\/343053"}],"wp:attachment":[{"href":"https:\/\/www.diarioimagen.net\/index.php?rest_route=%2Fwp%2Fv2%2Fmedia&parent=343052"}],"wp:term":[{"taxonomy":"category","embeddable":true,"href":"https:\/\/www.diarioimagen.net\/index.php?rest_route=%2Fwp%2Fv2%2Fcategories&post=343052"},{"taxonomy":"post_tag","embeddable":true,"href":"https:\/\/www.diarioimagen.net\/index.php?rest_route=%2Fwp%2Fv2%2Ftags&post=343052"}],"curies":[{"name":"wp","href":"https:\/\/api.w.org\/{rel}","templated":true}]}}