{"id":343067,"date":"2017-09-07T00:09:24","date_gmt":"2017-09-07T05:09:24","guid":{"rendered":"http:\/\/www.diarioimagen.net\/?p=343067"},"modified":"2017-09-07T23:45:03","modified_gmt":"2017-09-08T04:45:03","slug":"resultados-recomendacion-para-servir-a-la-gente-eruviel","status":"publish","type":"post","link":"https:\/\/www.diarioimagen.net\/?p=343067","title":{"rendered":"Resultados, recomendaci\u00f3n para servir a la gente: Eruviel \u00c1vila"},"content":{"rendered":"<ul>\n<li class=\"p1\"><strong><em>Edomex se consolid\u00f3 como una tierra de oportunidades, dice el gobernador<\/em><\/strong><\/li>\n<\/ul>\n<h6>Jos\u00e9 Luis Monta\u00f1ez<\/h6>\n<p>&nbsp;<\/p>\n<div id=\"attachment_343068\" style=\"width: 470px\" class=\"wp-caption aligncenter\"><img loading=\"lazy\" decoding=\"async\" aria-describedby=\"caption-attachment-343068\" class=\"wp-image-343068 size-large\" src=\"http:\/\/www.diarioimagen.net\/wp-content\/uploads\/2017\/09\/EruvielInformePortal-PORTAL-460x268.jpg\" alt=\"\" width=\"460\" height=\"268\" srcset=\"https:\/\/www.diarioimagen.net\/wp-content\/uploads\/2017\/09\/EruvielInformePortal-PORTAL-460x268.jpg 460w, https:\/\/www.diarioimagen.net\/wp-content\/uploads\/2017\/09\/EruvielInformePortal-PORTAL-240x140.jpg 240w, https:\/\/www.diarioimagen.net\/wp-content\/uploads\/2017\/09\/EruvielInformePortal-PORTAL.jpg 480w\" sizes=\"auto, (max-width: 460px) 100vw, 460px\" \/><p id=\"caption-attachment-343068\" class=\"wp-caption-text\">El gobernador Eruviel \u00c1vila emiti\u00f3 anoche un mensaje con motivo de su 6\u00ba Informe de Resultados.<\/p><\/div>\n<p>&nbsp;<\/p>\n<p><strong>Toluca, Estado de M\u00e9xico<\/strong>.-\u00a0\u00a0El gobernador Eruviel \u00c1vila Villegas afirm\u00f3 que, con el apoyo de los distintos sectores y del gobierno federal, en seis a\u00f1os el Estado de M\u00e9xico se consolid\u00f3 como una tierra de oportunidades, como el que m\u00e1s invierte en educaci\u00f3n, salud, seguridad y combate a la pobreza; logros que demuestran que el trabajo y los resultados son la mejor recomendaci\u00f3n para servir a la gente y, junto con ella, alcanzar los sue\u00f1os que se propongan.<\/p>\n<p>\u201cSin duda, en estos seis a\u00f1os crecieron mis ganas de trabajar por un pa\u00eds mejor. Creci\u00f3 mi amor y mi infinita lealtad a M\u00e9xico. Porque he comprobado que los sue\u00f1os se cumplen y la mejor recomendaci\u00f3n es el trabajo y los buenos resultados. Y por supuesto que conservo una \u00fanica aspiraci\u00f3n: la de seguir sirviendo a la gente y de entregarlo todo por el bien de M\u00e9xico\u201d, afirm\u00f3.<\/p>\n<p>Al emitir un mensaje con motivo de su 6\u00ba Informe de Resultados, que se transmiti\u00f3 por el Sistema de Radio y Televisi\u00f3n Mexiquense, as\u00ed como por redes sociales, el gobernador\u00a0Eruviel \u00c1vila agradeci\u00f3 la confianza de los mexiquenses para servirles\u00a0y encabezar los esfuerzos de un pueblo trabajador, fuerte, incansable, noble y bueno, que todos los d\u00edas se esfuerza por el bienestar de sus familias.<\/p>\n<p>Desde el Teatro Morelos en Toluca, y acompa\u00f1ado por su esposa Mar\u00eda Dipp de \u00c1vila y su hijo Eruviel, as\u00ed como de habitantes de diversas regiones del Estado de M\u00e9xico, el gobernador mexiquense expres\u00f3 que juntos, sociedad y gobierno, se lograron tocar vidas y cambiar historias, como las de m\u00e1s de 1.6 millones de beneficiarios con becas y est\u00edmulos, o los 15.5 millones de acciones para prevenir, detectar y atender el c\u00e1ncer, que principalmente afecta a las mujeres.<\/p>\n<p>Asimismo, la entidad se consolid\u00f3 como el mejor lugar para hacer negocios y motor de la econom\u00eda nacional, como el estado con los m\u00e1s grandes e innovadores proyectos en materia de movilidad y transporte, adem\u00e1s de proteger la naturaleza al ser el \u00fanico en recuperar bosques y adem\u00e1s contar con espacios dignos para la protecci\u00f3n animal.<\/p>\n<p>\u201cEl Estado de M\u00e9xico no se reinventa cada seis a\u00f1os, lo que hoy tenemos es fruto del trabajo de muchas generaciones que so\u00f1aron con lograr un estado fuerte y con todas las condiciones que permitan a los mexiquenses avanzar. Son el resultado del sudor y esfuerzo de millones de familias que aqu\u00ed viven, sue\u00f1an, trabajan y logran en grande\u201d, manifest\u00f3.<\/p>\n<p>Eruviel \u00c1vila dese\u00f3 \u00e9xito y expres\u00f3 su apoyo al gobernador electo Alfredo del Mazo Maza, porque si le va bien a \u00e9l, le ir\u00e1 muy bien al Estado de M\u00e9xico y a los mexiquenses.<\/p>\n<p>Agreg\u00f3 que hay grandes avances y una base s\u00f3lida para seguir creciendo como estado y sociedad, aunque a\u00fan existen retos que superar.<\/p>\n<p>El gobernador mexiquense tambi\u00e9n agradeci\u00f3 el apoyo permanente del presidente de la Rep\u00fablica, Enrique Pe\u00f1a Nieto, y del gabinete federal, el cual se ve reflejado en obras, acciones, programas y pol\u00edticas que trajeron bienestar y progreso a la entidad.<\/p>\n<p>Reconoci\u00f3 el trabajo de los servidores p\u00fablicos del Gobierno del Estado de M\u00e9xico y el de los integrantes del gabinete estatal.<\/p>\n","protected":false},"excerpt":{"rendered":"<p><span style=\"color: #005497;\">Jos\u00e9 Luis Monta\u00f1ez<\/span><br \/>\n<br \/>\nEl gobernador Eruviel \u00c1vila Villegas afirm\u00f3 que, con el apoyo de los distintos sectores y del gobierno federal, en seis a\u00f1os el Estado de M\u00e9xico se consolid\u00f3 como una tierra de oportunidades, como el que m\u00e1s invierte en educaci\u00f3n, salud, seguridad y combate a la pobreza; logros que demuestran que el trabajo y los resultados son la mejor recomendaci\u00f3n para servir a la gente y, junto con ella, alcanzar los sue\u00f1os que se propongan.<\/p>\n","protected":false},"author":5,"featured_media":343068,"comment_status":"open","ping_status":"open","sticky":false,"template":"","format":"standard","meta":{"_monsterinsights_skip_tracking":false,"_monsterinsights_sitenote_active":false,"_monsterinsights_sitenote_note":"","_monsterinsights_sitenote_category":0,"footnotes":""},"categories":[5],"tags":[65203,2505,5828,43675,62540,38708,65202,65204,452],"class_list":["post-343067","post","type-post","status-publish","format-standard","has-post-thumbnail","hentry","category-estado-de-mexico","tag-6o-informe-de-resultados","tag-alfredo-del-mazo-maza","tag-eruviel-avila-villegas","tag-estado-de-mexico","tag-maria-dipp-de-avila","tag-recomendacion","tag-servir-a-la-gente","tag-teatro-morelos-en-toluca","tag-toluca"],"_links":{"self":[{"href":"https:\/\/www.diarioimagen.net\/index.php?rest_route=\/wp\/v2\/posts\/343067","targetHints":{"allow":["GET"]}}],"collection":[{"href":"https:\/\/www.diarioimagen.net\/index.php?rest_route=\/wp\/v2\/posts"}],"about":[{"href":"https:\/\/www.diarioimagen.net\/index.php?rest_route=\/wp\/v2\/types\/post"}],"author":[{"embeddable":true,"href":"https:\/\/www.diarioimagen.net\/index.php?rest_route=\/wp\/v2\/users\/5"}],"replies":[{"embeddable":true,"href":"https:\/\/www.diarioimagen.net\/index.php?rest_route=%2Fwp%2Fv2%2Fcomments&post=343067"}],"version-history":[{"count":0,"href":"https:\/\/www.diarioimagen.net\/index.php?rest_route=\/wp\/v2\/posts\/343067\/revisions"}],"wp:featuredmedia":[{"embeddable":true,"href":"https:\/\/www.diarioimagen.net\/index.php?rest_route=\/wp\/v2\/media\/343068"}],"wp:attachment":[{"href":"https:\/\/www.diarioimagen.net\/index.php?rest_route=%2Fwp%2Fv2%2Fmedia&parent=343067"}],"wp:term":[{"taxonomy":"category","embeddable":true,"href":"https:\/\/www.diarioimagen.net\/index.php?rest_route=%2Fwp%2Fv2%2Fcategories&post=343067"},{"taxonomy":"post_tag","embeddable":true,"href":"https:\/\/www.diarioimagen.net\/index.php?rest_route=%2Fwp%2Fv2%2Ftags&post=343067"}],"curies":[{"name":"wp","href":"https:\/\/api.w.org\/{rel}","templated":true}]}}