{"id":343082,"date":"2017-09-07T00:11:41","date_gmt":"2017-09-07T05:11:41","guid":{"rendered":"http:\/\/www.diarioimagen.net\/?p=343082"},"modified":"2017-09-07T04:17:53","modified_gmt":"2017-09-07T09:17:53","slug":"destaca-gem-incremento-en-presupuesto-de-seguridad","status":"publish","type":"post","link":"https:\/\/www.diarioimagen.net\/?p=343082","title":{"rendered":"Destaca GEM incremento en presupuesto de seguridad"},"content":{"rendered":"<ul>\n<li><strong><em>Reuni\u00f3n con alcaldes de todas las opciones pol\u00edticas<\/em><\/strong><\/li>\n<\/ul>\n<p>&nbsp;<\/p>\n<p><a href=\"http:\/\/www.diarioimagen.net\/?attachment_id=343170\" rel=\"attachment wp-att-343170\"><img loading=\"lazy\" decoding=\"async\" class=\"aligncenter size-large wp-image-343170\" src=\"http:\/\/www.diarioimagen.net\/wp-content\/uploads\/2017\/09\/gem-3202-460x259.jpg\" alt=\"\" width=\"460\" height=\"259\" srcset=\"https:\/\/www.diarioimagen.net\/wp-content\/uploads\/2017\/09\/gem-3202-460x259.jpg 460w, https:\/\/www.diarioimagen.net\/wp-content\/uploads\/2017\/09\/gem-3202-240x135.jpg 240w, https:\/\/www.diarioimagen.net\/wp-content\/uploads\/2017\/09\/gem-3202-235x132.jpg 235w, https:\/\/www.diarioimagen.net\/wp-content\/uploads\/2017\/09\/gem-3202-202x114.jpg 202w, https:\/\/www.diarioimagen.net\/wp-content\/uploads\/2017\/09\/gem-3202-350x196.jpg 350w, https:\/\/www.diarioimagen.net\/wp-content\/uploads\/2017\/09\/gem-3202-220x123.jpg 220w, https:\/\/www.diarioimagen.net\/wp-content\/uploads\/2017\/09\/gem-3202-237x132.jpg 237w, https:\/\/www.diarioimagen.net\/wp-content\/uploads\/2017\/09\/gem-3202.jpg 480w\" sizes=\"auto, (max-width: 460px) 100vw, 460px\" \/><\/a><\/p>\n<p>&nbsp;<\/p>\n<p><strong>Toluca, Estado de M\u00e9xico<\/strong>.- En un encuentro con presidentas y presidentes municipales del Estado de M\u00e9xico, el gobernador Eruviel \u00c1vila Villegas inform\u00f3 que en los \u00faltimos seis a\u00f1os, los recursos destinados a seguridad y procuraci\u00f3n de justicia en los municipios se incrementaron m\u00e1s de 100%, al pasar de 9 mil 200 millones de pesos a 19 mil millones en 2017 y las participaciones que perciben los ayuntamientos registraron un aumento de 60%, pues en 2011 alcanzaron los 13 mil 900 millones de pesos\u00a0 y este a\u00f1o ascendieron a 22 mil 184 millones de pesos.<\/p>\n<p>Este logro, asegur\u00f3, es parte de los resultados alcanzados en equipo con los gobiernos locales, a quienes reconoci\u00f3 su contribuci\u00f3n para reducir carencias sociales, educativas, en salud, vivienda o nutrici\u00f3n, lo que ha permitido transformar la vida de vida de los mexiquenses.<\/p>\n<p>\u201cHoy quiero agradecerles su trabajo, su disposici\u00f3n para trabajar en equipo en estos seis a\u00f1os, juntos hemos logrado tocar vidas y cambiar historias. Ustedes siempre me acompa\u00f1aron, insisto, independientemente de extracciones pol\u00edticas o partidistas, me acompa\u00f1aron y me apoyaron en las diferentes acciones para poder fortalecer y engrandecer a este querido Estado de M\u00e9xico. Gracias a ustedes, trabajando en equipo, logramos disminuir carencias, como lo ha informado recientemente el Coneval\u201d, destac\u00f3 Eruviel \u00c1vila.<\/p>\n<p>Acompa\u00f1ado por el secretario general de Gobierno, Jos\u00e9 Manzur Quiroga, el mandatario estatal precis\u00f3 que el incremento en el presupuesto destinado a seguridad es un logro del Edomex, al ser la \u00fanica entidad del pa\u00eds que cuenta con recursos para impulsar programas municipales en esta materia, a trav\u00e9s del Fondo Estatal de Fortalecimiento Municipal (FEFOM), con el cual los ayuntamientos tienen mayor capacidad para atender las necesidades de la poblaci\u00f3n.<\/p>\n","protected":false},"excerpt":{"rendered":"<p>En un encuentro con presidentas y presidentes municipales del Estado de M\u00e9xico, el gobernador Eruviel \u00c1vila Villegas inform\u00f3 que en los \u00faltimos seis a\u00f1os, los recursos destinados a seguridad y procuraci\u00f3n de justicia en los municipios se incrementaron m\u00e1s de 100%, al pasar de 9 mil 200 millones de pesos a 19 mil millones en 2017 y las participaciones que perciben los ayuntamientos registraron un aumento de 60%, pues en 2011 alcanzaron los 13 mil 900 millones de pesos  y este a\u00f1o ascendieron a 22 mil 184 millones de pesos.<\/p>\n","protected":false},"author":3,"featured_media":343170,"comment_status":"open","ping_status":"open","sticky":false,"template":"","format":"standard","meta":{"_monsterinsights_skip_tracking":false,"_monsterinsights_sitenote_active":false,"_monsterinsights_sitenote_note":"","_monsterinsights_sitenote_category":0,"footnotes":""},"categories":[5],"tags":[43675,1720,6053,452],"class_list":["post-343082","post","type-post","status-publish","format-standard","has-post-thumbnail","hentry","category-estado-de-mexico","tag-estado-de-mexico","tag-gem","tag-presupuesto","tag-toluca"],"_links":{"self":[{"href":"https:\/\/www.diarioimagen.net\/index.php?rest_route=\/wp\/v2\/posts\/343082","targetHints":{"allow":["GET"]}}],"collection":[{"href":"https:\/\/www.diarioimagen.net\/index.php?rest_route=\/wp\/v2\/posts"}],"about":[{"href":"https:\/\/www.diarioimagen.net\/index.php?rest_route=\/wp\/v2\/types\/post"}],"author":[{"embeddable":true,"href":"https:\/\/www.diarioimagen.net\/index.php?rest_route=\/wp\/v2\/users\/3"}],"replies":[{"embeddable":true,"href":"https:\/\/www.diarioimagen.net\/index.php?rest_route=%2Fwp%2Fv2%2Fcomments&post=343082"}],"version-history":[{"count":0,"href":"https:\/\/www.diarioimagen.net\/index.php?rest_route=\/wp\/v2\/posts\/343082\/revisions"}],"wp:featuredmedia":[{"embeddable":true,"href":"https:\/\/www.diarioimagen.net\/index.php?rest_route=\/wp\/v2\/media\/343170"}],"wp:attachment":[{"href":"https:\/\/www.diarioimagen.net\/index.php?rest_route=%2Fwp%2Fv2%2Fmedia&parent=343082"}],"wp:term":[{"taxonomy":"category","embeddable":true,"href":"https:\/\/www.diarioimagen.net\/index.php?rest_route=%2Fwp%2Fv2%2Fcategories&post=343082"},{"taxonomy":"post_tag","embeddable":true,"href":"https:\/\/www.diarioimagen.net\/index.php?rest_route=%2Fwp%2Fv2%2Ftags&post=343082"}],"curies":[{"name":"wp","href":"https:\/\/api.w.org\/{rel}","templated":true}]}}