{"id":343095,"date":"2017-09-07T00:05:13","date_gmt":"2017-09-07T05:05:13","guid":{"rendered":"http:\/\/www.diarioimagen.net\/?p=343095"},"modified":"2017-09-07T04:43:55","modified_gmt":"2017-09-07T09:43:55","slug":"uaem-no-es-ni-sera-complice-de-excesos-o-abusos-alfredo-barrera","status":"publish","type":"post","link":"https:\/\/www.diarioimagen.net\/?p=343095","title":{"rendered":"UAEM no es ni ser\u00e1 c\u00f3mplice de excesos o abusos: Alfredo Barrera"},"content":{"rendered":"<p><a href=\"http:\/\/www.diarioimagen.net\/?attachment_id=343198\" rel=\"attachment wp-att-343198\"><img loading=\"lazy\" decoding=\"async\" class=\"aligncenter size-large wp-image-343198\" src=\"http:\/\/www.diarioimagen.net\/wp-content\/uploads\/2017\/09\/UAEM-3202-460x259.jpg\" alt=\"\" width=\"460\" height=\"259\" srcset=\"https:\/\/www.diarioimagen.net\/wp-content\/uploads\/2017\/09\/UAEM-3202-460x259.jpg 460w, https:\/\/www.diarioimagen.net\/wp-content\/uploads\/2017\/09\/UAEM-3202-240x135.jpg 240w, https:\/\/www.diarioimagen.net\/wp-content\/uploads\/2017\/09\/UAEM-3202-235x132.jpg 235w, https:\/\/www.diarioimagen.net\/wp-content\/uploads\/2017\/09\/UAEM-3202-202x114.jpg 202w, https:\/\/www.diarioimagen.net\/wp-content\/uploads\/2017\/09\/UAEM-3202-350x196.jpg 350w, https:\/\/www.diarioimagen.net\/wp-content\/uploads\/2017\/09\/UAEM-3202-220x123.jpg 220w, https:\/\/www.diarioimagen.net\/wp-content\/uploads\/2017\/09\/UAEM-3202-237x132.jpg 237w, https:\/\/www.diarioimagen.net\/wp-content\/uploads\/2017\/09\/UAEM-3202.jpg 480w\" sizes=\"auto, (max-width: 460px) 100vw, 460px\" \/><\/a><\/p>\n<p>&nbsp;<\/p>\n<p><strong>Toluca, Estado de M\u00e9xico.-<\/strong>La Universidad Aut\u00f3noma del Estado de M\u00e9xico no es ni ser\u00e1 c\u00f3mplice de excesos o abusos. \u201cAsumir\u00e9 con firmeza y responsabilidad, la honestidad y la transparencia\u201d, asegur\u00f3 el rector Alfredo Barrera Baca, al presidir la Ceremonia de Entrega de Bases a 46 trabajadores del Sindicato \u00danico de Trabajadores y Empleados al Servicio de la UAEM (SUTESUAEM).<\/p>\n<p>En el Auditorio \u201cIng. Jos\u00e9 Yurrieta Vald\u00e9s\u201d del Edificio Administrativo, acompa\u00f1ado del secretario general del sindicato, Le\u00f3n Carmona Castillo, Barrera Baca sostuvo que esta agrupaci\u00f3n, \u201cinherente a la universidad moderna que nos hemos permitido construir\u201d, se distingue por su \u201calto compromiso social e impulso a trabajadores proactivos\u201d.<\/p>\n","protected":false},"excerpt":{"rendered":"<p>La Universidad Aut\u00f3noma del Estado de M\u00e9xico no es ni ser\u00e1 c\u00f3mplice de excesos o abusos. \u201cAsumir\u00e9 con firmeza y responsabilidad, la honestidad y la transparencia\u201d, asegur\u00f3 el rector Alfredo Barrera Baca, al presidir la Ceremonia de Entrega de Bases a 46 trabajadores del Sindicato \u00danico de Trabajadores y Empleados al Servicio de la UAEM (SUTESUAEM).<\/p>\n","protected":false},"author":3,"featured_media":343198,"comment_status":"open","ping_status":"open","sticky":false,"template":"","format":"standard","meta":{"_monsterinsights_skip_tracking":false,"_monsterinsights_sitenote_active":false,"_monsterinsights_sitenote_note":"","_monsterinsights_sitenote_category":0,"footnotes":""},"categories":[35155],"tags":[58572,43675,452,1491],"class_list":["post-343095","post","type-post","status-publish","format-standard","has-post-thumbnail","hentry","category-estado-de-mexico-estado-de-mexico","tag-alfredo-barrera-baca","tag-estado-de-mexico","tag-toluca","tag-uaem"],"_links":{"self":[{"href":"https:\/\/www.diarioimagen.net\/index.php?rest_route=\/wp\/v2\/posts\/343095","targetHints":{"allow":["GET"]}}],"collection":[{"href":"https:\/\/www.diarioimagen.net\/index.php?rest_route=\/wp\/v2\/posts"}],"about":[{"href":"https:\/\/www.diarioimagen.net\/index.php?rest_route=\/wp\/v2\/types\/post"}],"author":[{"embeddable":true,"href":"https:\/\/www.diarioimagen.net\/index.php?rest_route=\/wp\/v2\/users\/3"}],"replies":[{"embeddable":true,"href":"https:\/\/www.diarioimagen.net\/index.php?rest_route=%2Fwp%2Fv2%2Fcomments&post=343095"}],"version-history":[{"count":0,"href":"https:\/\/www.diarioimagen.net\/index.php?rest_route=\/wp\/v2\/posts\/343095\/revisions"}],"wp:featuredmedia":[{"embeddable":true,"href":"https:\/\/www.diarioimagen.net\/index.php?rest_route=\/wp\/v2\/media\/343198"}],"wp:attachment":[{"href":"https:\/\/www.diarioimagen.net\/index.php?rest_route=%2Fwp%2Fv2%2Fmedia&parent=343095"}],"wp:term":[{"taxonomy":"category","embeddable":true,"href":"https:\/\/www.diarioimagen.net\/index.php?rest_route=%2Fwp%2Fv2%2Fcategories&post=343095"},{"taxonomy":"post_tag","embeddable":true,"href":"https:\/\/www.diarioimagen.net\/index.php?rest_route=%2Fwp%2Fv2%2Ftags&post=343095"}],"curies":[{"name":"wp","href":"https:\/\/api.w.org\/{rel}","templated":true}]}}