{"id":343115,"date":"2017-09-07T00:08:33","date_gmt":"2017-09-07T05:08:33","guid":{"rendered":"http:\/\/www.diarioimagen.net\/?p=343115"},"modified":"2017-09-07T04:26:35","modified_gmt":"2017-09-07T09:26:35","slug":"entregan-sillas-de-ruedas-a-familias-naucalpenses-de-escasos-recursos","status":"publish","type":"post","link":"https:\/\/www.diarioimagen.net\/?p=343115","title":{"rendered":"Entregan sillas de ruedas a familias naucalpenses de escasos recursos"},"content":{"rendered":"<ul>\n<li><strong><em>A nombre de David Parra S\u00e1nchez<\/em><\/strong><\/li>\n<\/ul>\n<p>&nbsp;<\/p>\n<div id=\"attachment_343185\" style=\"width: 282px\" class=\"wp-caption alignleft\"><a href=\"http:\/\/www.diarioimagen.net\/?attachment_id=343185\" rel=\"attachment wp-att-343185\"><img loading=\"lazy\" decoding=\"async\" aria-describedby=\"caption-attachment-343185\" class=\" wp-image-343185\" src=\"http:\/\/www.diarioimagen.net\/wp-content\/uploads\/2017\/09\/NAUCALPAN-3202-290x460.jpg\" alt=\"\" width=\"272\" height=\"431\" srcset=\"https:\/\/www.diarioimagen.net\/wp-content\/uploads\/2017\/09\/NAUCALPAN-3202-290x460.jpg 290w, https:\/\/www.diarioimagen.net\/wp-content\/uploads\/2017\/09\/NAUCALPAN-3202-152x240.jpg 152w, https:\/\/www.diarioimagen.net\/wp-content\/uploads\/2017\/09\/NAUCALPAN-3202.jpg 442w\" sizes=\"auto, (max-width: 272px) 100vw, 272px\" \/><\/a><p id=\"caption-attachment-343185\" class=\"wp-caption-text\">Tom\u00e1s Palomares, dijo que el dirigente de \u201cExpresi\u00f3n Plural de Naucalpan, David Parra, es un hombre que siempre ha trabajado por los naucalpenses\u201d.<\/p><\/div>\n<p><strong>Naucalpan, Estado de M\u00e9xico<\/strong>.- La del pasado viernes, fue una entrega de apoyos emotiva. Cada semana, el l\u00edder social, David Parra S\u00e1nchez, contin\u00faa apoyando a las familias que menos tienen, sin embargo y en su representaci\u00f3n, el joven dirigente sindical Tom\u00e1s Palomares Parra, fue el responsable de aportar \u201csu granito de arena\u201d con la entrega de sillas de ruedas, bastones, aparatos auditivos y un sinf\u00edn de beneficios a las familias que menos tienen.<\/p>\n<p>Con l\u00e1grimas en los ojos, la se\u00f1ora Carmelita, vecina de Izcalli Chamapa,\u00a0no pod\u00eda verter palabras de agradecimiento hacia David Parra S\u00e1nchez, s\u00f3lo se escuch\u00f3 decir \u201cest\u00e1 silla servir\u00e1 a mi esposo inv\u00e1lido\u2026..\u201d.<\/p>\n<p>Al hacer la respectiva entrega, Palomares Parra, destac\u00f3 que \u201cDavid Parra es un hombre que siempre ha trabajado para y por los naucalpenses. Este tipo de ayuda la hace sin ocupar cargo alguna y desde luego lo hace con mucho cari\u00f1o y respeto hacia las familias que menos tienen\u201d, dijo.<\/p>\n<p>Tom\u00e1s Palomares , dijo que el dirigente de \u201cExpresi\u00f3n Plural de Naucalpan\u201d David Parra S\u00e1nchez, seguir\u00e1 desde cualquier trinchera con cargo o sin \u00e9l continuar\u00e1\u00a0 tendiendo la mano a familias de Tepatlaxco, de Izcalli, de San Luis, de Chimalpa, de todos los rincones de Naucalpan, con el \u00fanico fin de verlos felices\u201d, concluy\u00f3.<\/p>\n","protected":false},"excerpt":{"rendered":"<p>La del pasado viernes, fue una entrega de apoyos emotiva. Cada semana, el l\u00edder social, David Parra S\u00e1nchez, contin\u00faa apoyando a las familias que menos tienen, sin embargo y en su representaci\u00f3n, el joven dirigente sindical Tom\u00e1s Palomares Parra, fue el responsable de aportar \u201csu granito de arena\u201d con la entrega de sillas de ruedas, bastones, aparatos auditivos y un sinf\u00edn de beneficios a las familias que menos tienen.<\/p>\n","protected":false},"author":3,"featured_media":343186,"comment_status":"open","ping_status":"open","sticky":false,"template":"","format":"standard","meta":{"_monsterinsights_skip_tracking":false,"_monsterinsights_sitenote_active":false,"_monsterinsights_sitenote_note":"","_monsterinsights_sitenote_category":0,"footnotes":""},"categories":[35155],"tags":[65220,43675,970],"class_list":["post-343115","post","type-post","status-publish","format-standard","has-post-thumbnail","hentry","category-estado-de-mexico-estado-de-mexico","tag-escasos-recursos","tag-estado-de-mexico","tag-naucalpan"],"_links":{"self":[{"href":"https:\/\/www.diarioimagen.net\/index.php?rest_route=\/wp\/v2\/posts\/343115","targetHints":{"allow":["GET"]}}],"collection":[{"href":"https:\/\/www.diarioimagen.net\/index.php?rest_route=\/wp\/v2\/posts"}],"about":[{"href":"https:\/\/www.diarioimagen.net\/index.php?rest_route=\/wp\/v2\/types\/post"}],"author":[{"embeddable":true,"href":"https:\/\/www.diarioimagen.net\/index.php?rest_route=\/wp\/v2\/users\/3"}],"replies":[{"embeddable":true,"href":"https:\/\/www.diarioimagen.net\/index.php?rest_route=%2Fwp%2Fv2%2Fcomments&post=343115"}],"version-history":[{"count":0,"href":"https:\/\/www.diarioimagen.net\/index.php?rest_route=\/wp\/v2\/posts\/343115\/revisions"}],"wp:featuredmedia":[{"embeddable":true,"href":"https:\/\/www.diarioimagen.net\/index.php?rest_route=\/wp\/v2\/media\/343186"}],"wp:attachment":[{"href":"https:\/\/www.diarioimagen.net\/index.php?rest_route=%2Fwp%2Fv2%2Fmedia&parent=343115"}],"wp:term":[{"taxonomy":"category","embeddable":true,"href":"https:\/\/www.diarioimagen.net\/index.php?rest_route=%2Fwp%2Fv2%2Fcategories&post=343115"},{"taxonomy":"post_tag","embeddable":true,"href":"https:\/\/www.diarioimagen.net\/index.php?rest_route=%2Fwp%2Fv2%2Ftags&post=343115"}],"curies":[{"name":"wp","href":"https:\/\/api.w.org\/{rel}","templated":true}]}}