{"id":343117,"date":"2017-09-07T00:07:42","date_gmt":"2017-09-07T05:07:42","guid":{"rendered":"http:\/\/www.diarioimagen.net\/?p=343117"},"modified":"2017-09-07T04:40:18","modified_gmt":"2017-09-07T09:40:18","slug":"seguira-el-desfogue-de-la-presa-el-angulo-direccionando-el-agua-al-emisor-poniente","status":"publish","type":"post","link":"https:\/\/www.diarioimagen.net\/?p=343117","title":{"rendered":"Seguir\u00e1 el desfogue de la presa El \u00c1ngulo direccionando el agua al Emisor Poniente"},"content":{"rendered":"<ul>\n<li><strong><em>Incrementan capacidad de c\u00e1rcamos<\/em><\/strong><\/li>\n<\/ul>\n<p>&nbsp;<\/p>\n<div id=\"attachment_343188\" style=\"width: 470px\" class=\"wp-caption aligncenter\"><a href=\"http:\/\/www.diarioimagen.net\/?attachment_id=343188\" rel=\"attachment wp-att-343188\"><img loading=\"lazy\" decoding=\"async\" aria-describedby=\"caption-attachment-343188\" class=\"size-large wp-image-343188\" src=\"http:\/\/www.diarioimagen.net\/wp-content\/uploads\/2017\/09\/CUAUTITLAN-3202-460x259.jpg\" alt=\"\" width=\"460\" height=\"259\" srcset=\"https:\/\/www.diarioimagen.net\/wp-content\/uploads\/2017\/09\/CUAUTITLAN-3202-460x259.jpg 460w, https:\/\/www.diarioimagen.net\/wp-content\/uploads\/2017\/09\/CUAUTITLAN-3202-240x135.jpg 240w, https:\/\/www.diarioimagen.net\/wp-content\/uploads\/2017\/09\/CUAUTITLAN-3202-235x132.jpg 235w, https:\/\/www.diarioimagen.net\/wp-content\/uploads\/2017\/09\/CUAUTITLAN-3202-202x114.jpg 202w, https:\/\/www.diarioimagen.net\/wp-content\/uploads\/2017\/09\/CUAUTITLAN-3202-350x196.jpg 350w, https:\/\/www.diarioimagen.net\/wp-content\/uploads\/2017\/09\/CUAUTITLAN-3202-220x123.jpg 220w, https:\/\/www.diarioimagen.net\/wp-content\/uploads\/2017\/09\/CUAUTITLAN-3202-237x132.jpg 237w, https:\/\/www.diarioimagen.net\/wp-content\/uploads\/2017\/09\/CUAUTITLAN-3202.jpg 480w\" sizes=\"auto, (max-width: 460px) 100vw, 460px\" \/><\/a><p id=\"caption-attachment-343188\" class=\"wp-caption-text\">Conagua y CAEM informan que realizan una revisi\u00f3n estructural de la presa El \u00c1ngulo.<\/p><\/div>\n<p>&nbsp;<\/p>\n<p><strong>Cuautitl\u00e1n Izcalli, Estado de M\u00e9xico<\/strong>.- Ante el pron\u00f3stico de que persistir\u00e1n las lluvias en las pr\u00f3ximas horas, el gobierno estatal, federal y municipal acordaron mantener el desfogue de la presa El \u00c1ngulo y direccionar el alto volumen de agua al Emisor Poniente con plantas de bombeo de Operagua, CAEM y Conagua.<\/p>\n<p>En las \u00faltimas horas han sido encostaladas diversas calles de Ejidal San Isidro, Ni\u00f1os H\u00e9roes y Ampliaci\u00f3n Ejidal San Isidro para continuar con el desfogue de la presa de manera controlada y as\u00ed evitar mayor da\u00f1o a la poblaci\u00f3n que habita en esa zona de riesgo.<\/p>\n<p>Simult\u00e1neamente Conagua y CAEM realizan una revisi\u00f3n estructural de la presa para determinar los vol\u00famenes en que puede continuar el desfogue para mantener el vaso limpio y as\u00ed seguir con sus trabajos de desazolve y limpieza, una vez que pueda continuar entrando la maquinaria, ya instalada en el \u00e1rea desde la semana pasada, y si as\u00ed lo permiten las lluvias de las pr\u00f3ximas horas.<\/p>\n<p>Con la colaboraci\u00f3n conjunta de Conagua, CAEM, Comisi\u00f3n de Seguridad P\u00fablica, Ayuntamiento de Cuautitl\u00e1n Izcalli, Tlalnepantla de Baz y Atizap\u00e1n de Zaragoza, se levantaron canales con costales para direccionar el agua hacia puntos en donde ser\u00e1 reenviada al Emisor Poniente, a trav\u00e9s de plantas de bombeo de los organismos involucrados.<\/p>\n<p>Simult\u00e1neamente se aumentar\u00e1 la capacidad de los c\u00e1rcamos de las zonas bajas del \u00e1rea, para lograr un mayor desfogue, se continuar\u00e1 con los trabajos de desazolve de drenaje pluvial por lo menos durante los pr\u00f3ximos tres d\u00edas y el achique en viviendas afectadas, as\u00ed como limpieza de cisternas.<\/p>\n<p>Hasta la noche de martes alrededor de 50 personas ocuparon los dos albergues habilitados por el DIF Municipal. El censo preliminar arroj\u00f3 que hay 300 viviendas afectadas, algunas con inundaci\u00f3n en patios y cisternas y otras con anegaci\u00f3n de hasta medio metro en sus viviendas.<\/p>\n<p>La reuni\u00f3n de emergencia fue encabezada por el Secretario de Gobierno, Jos\u00e9 Manzur, la secretaria de gabinete regional Elizabeth Vilchis; el alcalde de Cuautitl\u00e1n Izcalli, V\u00edctor Estrada; Jos\u00e9 Manuel Camacho vocal ejecutivo de la Comisi\u00f3n del Agua del Estado de M\u00e9xico; Fernando Gonz\u00e1lez, director general del Organismo de Cuencas Aguas del Valle de M\u00e9xico y representantes de los ayuntamientos de Tlalnepantla de Baz y Atizap\u00e1n de Zaragoza.<\/p>\n<p>Se vuelve a levantar cerco sanitario y se pide la colaboraci\u00f3n de la poblaci\u00f3n para facilitar el acceso de maquinaria y camiones con material que viene en camino.<\/p>\n","protected":false},"excerpt":{"rendered":"<p>Ante el pron\u00f3stico de que persistir\u00e1n las lluvias en las pr\u00f3ximas horas, el gobierno estatal, federal y municipal acordaron mantener el desfogue de la presa El \u00c1ngulo y direccionar el alto volumen de agua al Emisor Poniente con plantas de bombeo de Operagua, CAEM y Conagua.<\/p>\n","protected":false},"author":3,"featured_media":343188,"comment_status":"open","ping_status":"open","sticky":false,"template":"","format":"standard","meta":{"_monsterinsights_skip_tracking":false,"_monsterinsights_sitenote_active":false,"_monsterinsights_sitenote_note":"","_monsterinsights_sitenote_category":0,"footnotes":""},"categories":[35155],"tags":[971,64870,43675,22715],"class_list":["post-343117","post","type-post","status-publish","format-standard","has-post-thumbnail","hentry","category-estado-de-mexico-estado-de-mexico","tag-cuautitlan-izcalli","tag-el-angulo","tag-estado-de-mexico","tag-presa"],"_links":{"self":[{"href":"https:\/\/www.diarioimagen.net\/index.php?rest_route=\/wp\/v2\/posts\/343117","targetHints":{"allow":["GET"]}}],"collection":[{"href":"https:\/\/www.diarioimagen.net\/index.php?rest_route=\/wp\/v2\/posts"}],"about":[{"href":"https:\/\/www.diarioimagen.net\/index.php?rest_route=\/wp\/v2\/types\/post"}],"author":[{"embeddable":true,"href":"https:\/\/www.diarioimagen.net\/index.php?rest_route=\/wp\/v2\/users\/3"}],"replies":[{"embeddable":true,"href":"https:\/\/www.diarioimagen.net\/index.php?rest_route=%2Fwp%2Fv2%2Fcomments&post=343117"}],"version-history":[{"count":0,"href":"https:\/\/www.diarioimagen.net\/index.php?rest_route=\/wp\/v2\/posts\/343117\/revisions"}],"wp:featuredmedia":[{"embeddable":true,"href":"https:\/\/www.diarioimagen.net\/index.php?rest_route=\/wp\/v2\/media\/343188"}],"wp:attachment":[{"href":"https:\/\/www.diarioimagen.net\/index.php?rest_route=%2Fwp%2Fv2%2Fmedia&parent=343117"}],"wp:term":[{"taxonomy":"category","embeddable":true,"href":"https:\/\/www.diarioimagen.net\/index.php?rest_route=%2Fwp%2Fv2%2Fcategories&post=343117"},{"taxonomy":"post_tag","embeddable":true,"href":"https:\/\/www.diarioimagen.net\/index.php?rest_route=%2Fwp%2Fv2%2Ftags&post=343117"}],"curies":[{"name":"wp","href":"https:\/\/api.w.org\/{rel}","templated":true}]}}