{"id":343127,"date":"2017-09-07T00:03:02","date_gmt":"2017-09-07T05:03:02","guid":{"rendered":"http:\/\/www.diarioimagen.net\/?p=343127"},"modified":"2017-09-07T07:20:38","modified_gmt":"2017-09-07T12:20:38","slug":"detienen-a-dos-cometiendo-robos-con-violencia","status":"publish","type":"post","link":"https:\/\/www.diarioimagen.net\/?p=343127","title":{"rendered":"Detienen a dos cometiendo robos con violencia"},"content":{"rendered":"<p><a href=\"http:\/\/www.diarioimagen.net\/?attachment_id=343213\" rel=\"attachment wp-att-343213\"><img loading=\"lazy\" decoding=\"async\" class=\"aligncenter size-large wp-image-343213\" src=\"http:\/\/www.diarioimagen.net\/wp-content\/uploads\/2017\/09\/ECATEPEC-3202-460x346.jpg\" alt=\"\" width=\"460\" height=\"346\" srcset=\"https:\/\/www.diarioimagen.net\/wp-content\/uploads\/2017\/09\/ECATEPEC-3202-460x346.jpg 460w, https:\/\/www.diarioimagen.net\/wp-content\/uploads\/2017\/09\/ECATEPEC-3202-240x180.jpg 240w, https:\/\/www.diarioimagen.net\/wp-content\/uploads\/2017\/09\/ECATEPEC-3202.jpg 700w\" sizes=\"auto, (max-width: 460px) 100vw, 460px\" \/><\/a><\/p>\n<p>&nbsp;<\/p>\n<p><strong>Ecatepec, Estado de M\u00e9xico<\/strong><strong>.-<\/strong>Al dar atenci\u00f3n a una llamada de auxilio la polic\u00eda municipal de Ecatepec, detuvo a Eduardo Hurtado Mercado, de 29 a\u00f1os de edad y Alejandro Camargo Salazar de 35 a\u00f1os, quienes armados con cuchillo y utilizando un taxi tolerado, efectuaban robos con violencia en contra de transe\u00fantes en la colonia Granjas Valle de Guadalupe.<\/p>\n<p>Una de sus v\u00edctimas los identific\u00f3 plenamente y por ello fueron consignados ante el Agente del Ministerio P\u00fablico, dijo el comisario Arturo Centeno Cano.<\/p>\n","protected":false},"excerpt":{"rendered":"<p>Al dar atenci\u00f3n a una llamada de auxilio la polic\u00eda municipal de Ecatepec, detuvo a Eduardo Hurtado Mercado, de 29 a\u00f1os de edad y Alejandro Camargo Salazar de 35 a\u00f1os, quienes armados con cuchillo y utilizando un taxi tolerado, efectuaban robos con violencia en contra de transe\u00fantes en la colonia Granjas Valle de Guadalupe.<\/p>\n","protected":false},"author":3,"featured_media":343213,"comment_status":"open","ping_status":"open","sticky":false,"template":"","format":"standard","meta":{"_monsterinsights_skip_tracking":false,"_monsterinsights_sitenote_active":false,"_monsterinsights_sitenote_note":"","_monsterinsights_sitenote_category":0,"footnotes":""},"categories":[35155],"tags":[65224,65223,43675,13955,5066],"class_list":["post-343127","post","type-post","status-publish","format-standard","has-post-thumbnail","hentry","category-estado-de-mexico-estado-de-mexico","tag-cometido","tag-eatepec","tag-estado-de-mexico","tag-robo","tag-violencia"],"_links":{"self":[{"href":"https:\/\/www.diarioimagen.net\/index.php?rest_route=\/wp\/v2\/posts\/343127","targetHints":{"allow":["GET"]}}],"collection":[{"href":"https:\/\/www.diarioimagen.net\/index.php?rest_route=\/wp\/v2\/posts"}],"about":[{"href":"https:\/\/www.diarioimagen.net\/index.php?rest_route=\/wp\/v2\/types\/post"}],"author":[{"embeddable":true,"href":"https:\/\/www.diarioimagen.net\/index.php?rest_route=\/wp\/v2\/users\/3"}],"replies":[{"embeddable":true,"href":"https:\/\/www.diarioimagen.net\/index.php?rest_route=%2Fwp%2Fv2%2Fcomments&post=343127"}],"version-history":[{"count":0,"href":"https:\/\/www.diarioimagen.net\/index.php?rest_route=\/wp\/v2\/posts\/343127\/revisions"}],"wp:featuredmedia":[{"embeddable":true,"href":"https:\/\/www.diarioimagen.net\/index.php?rest_route=\/wp\/v2\/media\/343213"}],"wp:attachment":[{"href":"https:\/\/www.diarioimagen.net\/index.php?rest_route=%2Fwp%2Fv2%2Fmedia&parent=343127"}],"wp:term":[{"taxonomy":"category","embeddable":true,"href":"https:\/\/www.diarioimagen.net\/index.php?rest_route=%2Fwp%2Fv2%2Fcategories&post=343127"},{"taxonomy":"post_tag","embeddable":true,"href":"https:\/\/www.diarioimagen.net\/index.php?rest_route=%2Fwp%2Fv2%2Ftags&post=343127"}],"curies":[{"name":"wp","href":"https:\/\/api.w.org\/{rel}","templated":true}]}}