{"id":343327,"date":"2017-09-08T00:04:26","date_gmt":"2017-09-08T05:04:26","guid":{"rendered":"http:\/\/www.diarioimagen.net\/?p=343327"},"modified":"2017-09-08T05:56:29","modified_gmt":"2017-09-08T10:56:29","slug":"en-ecatepec-aseguran-a-peligroso-asaltante-2","status":"publish","type":"post","link":"https:\/\/www.diarioimagen.net\/?p=343327","title":{"rendered":"En Ecatepec, aseguran a peligroso asaltante"},"content":{"rendered":"<p><a href=\"http:\/\/www.diarioimagen.net\/?attachment_id=343395\" rel=\"attachment wp-att-343395\"><img loading=\"lazy\" decoding=\"async\" class=\"aligncenter size-large wp-image-343395\" src=\"http:\/\/www.diarioimagen.net\/wp-content\/uploads\/2017\/09\/ECATEPEC-3203-460x259.jpg\" alt=\"\" width=\"460\" height=\"259\" srcset=\"https:\/\/www.diarioimagen.net\/wp-content\/uploads\/2017\/09\/ECATEPEC-3203-460x259.jpg 460w, https:\/\/www.diarioimagen.net\/wp-content\/uploads\/2017\/09\/ECATEPEC-3203-240x135.jpg 240w, https:\/\/www.diarioimagen.net\/wp-content\/uploads\/2017\/09\/ECATEPEC-3203-235x132.jpg 235w, https:\/\/www.diarioimagen.net\/wp-content\/uploads\/2017\/09\/ECATEPEC-3203-202x114.jpg 202w, https:\/\/www.diarioimagen.net\/wp-content\/uploads\/2017\/09\/ECATEPEC-3203-350x196.jpg 350w, https:\/\/www.diarioimagen.net\/wp-content\/uploads\/2017\/09\/ECATEPEC-3203-220x123.jpg 220w, https:\/\/www.diarioimagen.net\/wp-content\/uploads\/2017\/09\/ECATEPEC-3203-237x132.jpg 237w, https:\/\/www.diarioimagen.net\/wp-content\/uploads\/2017\/09\/ECATEPEC-3203.jpg 480w\" sizes=\"auto, (max-width: 460px) 100vw, 460px\" \/><\/a><\/p>\n<p>&nbsp;<\/p>\n<p><strong>Ecatepec, Estado de M\u00e9xico<\/strong><strong>.- <\/strong>Carlos Mondrag\u00f3n Becerra, de 24 a\u00f1os, peligroso sujeto, fue asegurado por elementos de la polic\u00eda de Ecatepec, luego de haber asaltado y lesionado con un disparo a un automovilista que transitaba por la avenida Abedules, colonia Arboledas de Arag\u00f3n.<\/p>\n<p>El comisario de la corporaci\u00f3n esta ciudad, Arturo Centeno Cano, dijo que al lograr la detenci\u00f3n del sujeto, se recuper\u00f3 una cartera, un celular y otros objetos, propiedad de Ger\u00f3nimo \u201cN\u201d, quien fue trasladado al hospital de la zona, Jos\u00e9 Mar\u00eda Rodr\u00edguez, donde m\u00e9dicos luchan por salvarle la vida.<\/p>\n<p>&nbsp;<\/p>\n","protected":false},"excerpt":{"rendered":"<p>Carlos Mondrag\u00f3n Becerra, de 24 a\u00f1os, peligroso sujeto, fue asegurado por elementos de la polic\u00eda de Ecatepec, luego de haber asaltado y lesionado con un disparo a un automovilista que transitaba por la avenida Abedules, colonia Arboledas de Arag\u00f3n.<\/p>\n","protected":false},"author":3,"featured_media":343395,"comment_status":"open","ping_status":"open","sticky":false,"template":"","format":"standard","meta":{"_monsterinsights_skip_tracking":false,"_monsterinsights_sitenote_active":false,"_monsterinsights_sitenote_note":"","_monsterinsights_sitenote_category":0,"footnotes":""},"categories":[35155],"tags":[22295,454,43675,54497],"class_list":["post-343327","post","type-post","status-publish","format-standard","has-post-thumbnail","hentry","category-estado-de-mexico-estado-de-mexico","tag-asaltante","tag-ecatepec","tag-estado-de-mexico","tag-peligroso"],"_links":{"self":[{"href":"https:\/\/www.diarioimagen.net\/index.php?rest_route=\/wp\/v2\/posts\/343327","targetHints":{"allow":["GET"]}}],"collection":[{"href":"https:\/\/www.diarioimagen.net\/index.php?rest_route=\/wp\/v2\/posts"}],"about":[{"href":"https:\/\/www.diarioimagen.net\/index.php?rest_route=\/wp\/v2\/types\/post"}],"author":[{"embeddable":true,"href":"https:\/\/www.diarioimagen.net\/index.php?rest_route=\/wp\/v2\/users\/3"}],"replies":[{"embeddable":true,"href":"https:\/\/www.diarioimagen.net\/index.php?rest_route=%2Fwp%2Fv2%2Fcomments&post=343327"}],"version-history":[{"count":0,"href":"https:\/\/www.diarioimagen.net\/index.php?rest_route=\/wp\/v2\/posts\/343327\/revisions"}],"wp:featuredmedia":[{"embeddable":true,"href":"https:\/\/www.diarioimagen.net\/index.php?rest_route=\/wp\/v2\/media\/343395"}],"wp:attachment":[{"href":"https:\/\/www.diarioimagen.net\/index.php?rest_route=%2Fwp%2Fv2%2Fmedia&parent=343327"}],"wp:term":[{"taxonomy":"category","embeddable":true,"href":"https:\/\/www.diarioimagen.net\/index.php?rest_route=%2Fwp%2Fv2%2Fcategories&post=343327"},{"taxonomy":"post_tag","embeddable":true,"href":"https:\/\/www.diarioimagen.net\/index.php?rest_route=%2Fwp%2Fv2%2Ftags&post=343327"}],"curies":[{"name":"wp","href":"https:\/\/api.w.org\/{rel}","templated":true}]}}