{"id":343400,"date":"2017-09-08T00:07:06","date_gmt":"2017-09-08T05:07:06","guid":{"rendered":"http:\/\/www.diarioimagen.net\/?p=343400"},"modified":"2017-09-11T00:15:32","modified_gmt":"2017-09-11T05:15:32","slug":"nuevo-rival-para-andres-manuel","status":"publish","type":"post","link":"https:\/\/www.diarioimagen.net\/?p=343400","title":{"rendered":"Nuevo rival para Andr\u00e9s Manuel"},"content":{"rendered":"<h2>Detr\u00e1s del Poder<\/h2>\n<h5>Jos\u00e9 Antonio L\u00f3pez Sosa<\/h5>\n<p>&nbsp;<\/p>\n<p>A partir de los sucesos del d\u00eda de ayer, Andr\u00e9s Manuel L\u00f3pez Obrador tiene un formal adversario en la carrera presidencial.<\/p>\n<p>A diferencia de Morena a\u00fan no hay nombre, es muy posible que sea Ricardinho Anaya o Rafael Moreno Valle, el tema es que se trata de un frente electoral que se ha constituido formalmente, aunque le llamen solo frente pol\u00edtico.<\/p>\n<p>El proceso interno se dar\u00e1 pronto, el hecho es que hay ya un contrapeso a la figura de L\u00f3pez Obrador y ante un PRI sumamente debilitado por su mal gobierno y sus excesos en el tema de corrupci\u00f3n.<\/p>\n<p>Quien ve diluirse su candidatura es Margarita Zavala, que piensa a\u00fan que el apoyo de Felipe Calder\u00f3n le alcanzar\u00eda para llegar a ser candidata, por el contrario, la figura de su marido la hunde cada d\u00eda m\u00e1s.<\/p>\n<p>En el PRI no est\u00e1 claro qui\u00e9n se echar\u00e1 a cuestas la responsabilidad de remar contra corriente y tratar de justificar en una campa\u00f1a electoral, seis a\u00f1os de corrupci\u00f3n e ineficiencia. Ese es su dilema.<\/p>\n<p>Andr\u00e9s Manuel ya no va solo, la cosa se pone buena.<\/p>\n<p><em><a href=\"http:\/\/www.lopezsosa.com\" target=\"_blank\" rel=\"noopener noreferrer\">www.lopezsosa.com<\/a><br \/>\n<a href=\"mailto:joseantonio@lopezsosa.com\" target=\"_blank\" rel=\"noopener noreferrer\">joseantonio@lopezsosa.com<\/a><br \/>\n<a href=\"http:\/\/twitter.com\/joseantonio1977\" target=\"_blank\" rel=\"noopener noreferrer\">@joseantonio1977<\/a><\/em><\/p>\n","protected":false},"excerpt":{"rendered":"<p><span style=\"color: #005497;\"><strong>Jos\u00e9 Antonio L\u00f3pez Sosa<\/strong><\/span><\/p>\n","protected":false},"author":3,"featured_media":0,"comment_status":"open","ping_status":"open","sticky":false,"template":"","format":"standard","meta":{"_monsterinsights_skip_tracking":false,"_monsterinsights_sitenote_active":false,"_monsterinsights_sitenote_note":"","_monsterinsights_sitenote_category":0,"footnotes":""},"categories":[637],"tags":[638,43690,43674],"class_list":["post-343400","post","type-post","status-publish","format-standard","hentry","category-jose-antonio-lopez-sosa","tag-detras-del-poder","tag-jose-antonio-lopez-sosa","tag-opinion"],"_links":{"self":[{"href":"https:\/\/www.diarioimagen.net\/index.php?rest_route=\/wp\/v2\/posts\/343400","targetHints":{"allow":["GET"]}}],"collection":[{"href":"https:\/\/www.diarioimagen.net\/index.php?rest_route=\/wp\/v2\/posts"}],"about":[{"href":"https:\/\/www.diarioimagen.net\/index.php?rest_route=\/wp\/v2\/types\/post"}],"author":[{"embeddable":true,"href":"https:\/\/www.diarioimagen.net\/index.php?rest_route=\/wp\/v2\/users\/3"}],"replies":[{"embeddable":true,"href":"https:\/\/www.diarioimagen.net\/index.php?rest_route=%2Fwp%2Fv2%2Fcomments&post=343400"}],"version-history":[{"count":0,"href":"https:\/\/www.diarioimagen.net\/index.php?rest_route=\/wp\/v2\/posts\/343400\/revisions"}],"wp:attachment":[{"href":"https:\/\/www.diarioimagen.net\/index.php?rest_route=%2Fwp%2Fv2%2Fmedia&parent=343400"}],"wp:term":[{"taxonomy":"category","embeddable":true,"href":"https:\/\/www.diarioimagen.net\/index.php?rest_route=%2Fwp%2Fv2%2Fcategories&post=343400"},{"taxonomy":"post_tag","embeddable":true,"href":"https:\/\/www.diarioimagen.net\/index.php?rest_route=%2Fwp%2Fv2%2Ftags&post=343400"}],"curies":[{"name":"wp","href":"https:\/\/api.w.org\/{rel}","templated":true}]}}