{"id":343475,"date":"2017-09-11T00:05:29","date_gmt":"2017-09-11T05:05:29","guid":{"rendered":"http:\/\/www.diarioimagen.net\/?p=343475"},"modified":"2017-09-11T23:57:49","modified_gmt":"2017-09-12T04:57:49","slug":"suben-tarifa-de-transporte-en-el-edomex-mexibus-y-mexicable-queda-en-7-pesos","status":"publish","type":"post","link":"https:\/\/www.diarioimagen.net\/?p=343475","title":{"rendered":"Suben tarifa de transporte en el Edomex; Mexib\u00fas y Mexicable queda en 7 pesos"},"content":{"rendered":"<ul>\n<li><em><strong>Se comprometen transportistas a renovar unidades<\/strong><\/em><\/li>\n<\/ul>\n<p>&nbsp;<\/p>\n<div id=\"attachment_343476\" style=\"width: 470px\" class=\"wp-caption aligncenter\"><img loading=\"lazy\" decoding=\"async\" aria-describedby=\"caption-attachment-343476\" class=\"size-large wp-image-343476\" src=\"http:\/\/www.diarioimagen.net\/wp-content\/uploads\/2017\/09\/TRANSPORTE11-portal-460x268.jpg\" alt=\"\" width=\"460\" height=\"268\" srcset=\"https:\/\/www.diarioimagen.net\/wp-content\/uploads\/2017\/09\/TRANSPORTE11-portal-460x268.jpg 460w, https:\/\/www.diarioimagen.net\/wp-content\/uploads\/2017\/09\/TRANSPORTE11-portal-240x140.jpg 240w, https:\/\/www.diarioimagen.net\/wp-content\/uploads\/2017\/09\/TRANSPORTE11-portal.jpg 480w\" sizes=\"auto, (max-width: 460px) 100vw, 460px\" \/><p id=\"caption-attachment-343476\" class=\"wp-caption-text\">Los servicios de transporte masivo del Estado de M\u00e9xico, Mexib\u00fas y Mexicable, suben su tarifa un peso.<\/p><\/div>\n<p>&nbsp;<\/p>\n<p><strong>Toluca, Estado de M\u00e9xico<\/strong>.- A partir de este domingo los servicios de transporte masivo del Estado de M\u00e9xico, Mexib\u00fas y Mexicable, suben su tarifa un peso por lo que el costo del viaje quedar\u00e1 en siete pesos. Asimismo, el Instituto Estatal del Transporte acord\u00f3 con las organizaciones de transportistas subir de 8 a 10 pesos la tarifa m\u00ednima en camiones y microbuses.<\/p>\n<p>Luego de concluir los estudios t\u00e9cnicos realizados conforme a la normatividad, que comprendi\u00f3 revisiones de campo en todos los derroteros del Estado de M\u00e9xico, el Instituto Estatal del Transporte determin\u00f3 incrementar la tarifa del servicio de 8 pesos a 10 pesos; Como antecedente se menciona que las tarifas no se incrementaban desde el 16 de mayo de 2013, fecha en que se realiz\u00f3 un ajuste a la tarifa del servicio p\u00fablico de pasajeros.<\/p>\n<p>El ajuste compromete a los transportistas a cumplir una serie de acciones como las mencionadas, con lo que se busca beneficiar a los usuarios del transporte p\u00fablico, por lo que tambi\u00e9n deber\u00e1n destinar los recursos a la renovaci\u00f3n del parque vehicular e instalar sistemas de geolocalizaci\u00f3n.<\/p>\n<p>Las variables econ\u00f3micas que se consideraron en el c\u00e1lculo de la tarifa de mayo de 2013 a septiembre de 2017 son las siguientes: el \u00cdndice Nacional de Precios al Consumidor, el tipo de cambio FIX, publicado por el Banco de M\u00e9xico y que permite cumplir con obligaciones contra\u00eddas en moneda extranjera (d\u00f3lares) se ubic\u00f3 en 17. 8733 pesos, generando un incremento de 68.46 por ciento en el periodo.<\/p>\n<p>Por su parte, la tasa de inter\u00e9s interbancaria y de equilibrio se ubic\u00f3 en 7.371500, generando un incremento de 58.49. Tambi\u00e9n el salario m\u00ednimo obtiene un aumento. El costo de la gasolina Magna en la Zona de distribuci\u00f3n Baj\u00edo se ubica en 15.86 pesos por litro, con un aumento de 70 por ciento; el di\u00e9sel se ubica en 16.42 pesos por litro con un incremento de 71.51 por ciento, considerando los costos del combustible m\u00e1s alto por regi\u00f3n en el Estado de M\u00e9xico.<\/p>\n<p>Por otra parte, se inform\u00f3 que los sistemas de transporte masivo del Estado de M\u00e9xico, como el Mexicable y las tres l\u00edneas del Mexib\u00fas, incrementaron su tarifa en 1 peso a partir del domingo 10 de septiembre, con el prop\u00f3sito de mantener la calidad y eficiencia en el servicio.<\/p>\n","protected":false},"excerpt":{"rendered":"<p>A partir de este domingo los servicios de transporte masivo del Estado de M\u00e9xico, Mexib\u00fas y Mexicable, suben su tarifa un peso por lo que el costo del viaje quedar\u00e1 en siete pesos. Asimismo, el Instituto Estatal del Transporte acord\u00f3 con las organizaciones de transportistas subir de 8 a 10 pesos la tarifa m\u00ednima en camiones y microbuses.<\/p>\n","protected":false},"author":5,"featured_media":343476,"comment_status":"open","ping_status":"open","sticky":false,"template":"","format":"standard","meta":{"_monsterinsights_skip_tracking":false,"_monsterinsights_sitenote_active":false,"_monsterinsights_sitenote_note":"","_monsterinsights_sitenote_category":0,"footnotes":""},"categories":[5],"tags":[65320,1520,43675,11815,48362,452,65321],"class_list":["post-343475","post","type-post","status-publish","format-standard","has-post-thumbnail","hentry","category-estado-de-mexico","tag-7-pesos","tag-banco-de-mexico","tag-estado-de-mexico","tag-mexibus","tag-mexicable","tag-toluca","tag-transportistas-a-renovar-unidades"],"_links":{"self":[{"href":"https:\/\/www.diarioimagen.net\/index.php?rest_route=\/wp\/v2\/posts\/343475","targetHints":{"allow":["GET"]}}],"collection":[{"href":"https:\/\/www.diarioimagen.net\/index.php?rest_route=\/wp\/v2\/posts"}],"about":[{"href":"https:\/\/www.diarioimagen.net\/index.php?rest_route=\/wp\/v2\/types\/post"}],"author":[{"embeddable":true,"href":"https:\/\/www.diarioimagen.net\/index.php?rest_route=\/wp\/v2\/users\/5"}],"replies":[{"embeddable":true,"href":"https:\/\/www.diarioimagen.net\/index.php?rest_route=%2Fwp%2Fv2%2Fcomments&post=343475"}],"version-history":[{"count":0,"href":"https:\/\/www.diarioimagen.net\/index.php?rest_route=\/wp\/v2\/posts\/343475\/revisions"}],"wp:featuredmedia":[{"embeddable":true,"href":"https:\/\/www.diarioimagen.net\/index.php?rest_route=\/wp\/v2\/media\/343476"}],"wp:attachment":[{"href":"https:\/\/www.diarioimagen.net\/index.php?rest_route=%2Fwp%2Fv2%2Fmedia&parent=343475"}],"wp:term":[{"taxonomy":"category","embeddable":true,"href":"https:\/\/www.diarioimagen.net\/index.php?rest_route=%2Fwp%2Fv2%2Fcategories&post=343475"},{"taxonomy":"post_tag","embeddable":true,"href":"https:\/\/www.diarioimagen.net\/index.php?rest_route=%2Fwp%2Fv2%2Ftags&post=343475"}],"curies":[{"name":"wp","href":"https:\/\/api.w.org\/{rel}","templated":true}]}}