{"id":343481,"date":"2017-09-11T00:10:10","date_gmt":"2017-09-11T05:10:10","guid":{"rendered":"http:\/\/www.diarioimagen.net\/?p=343481"},"modified":"2017-09-10T23:33:59","modified_gmt":"2017-09-11T04:33:59","slug":"alumnos-regresaran-a-clases-este-lunes","status":"publish","type":"post","link":"https:\/\/www.diarioimagen.net\/?p=343481","title":{"rendered":"Edomex: Alumnos regresan a clases este lunes"},"content":{"rendered":"<ul>\n<li><strong><em>Tras revisi\u00f3n de escuelas, en el estado<\/em><\/strong><\/li>\n<\/ul>\n<p>&nbsp;<\/p>\n<div id=\"attachment_343482\" style=\"width: 470px\" class=\"wp-caption aligncenter\"><img loading=\"lazy\" decoding=\"async\" aria-describedby=\"caption-attachment-343482\" class=\"wp-image-343482 size-large\" src=\"http:\/\/www.diarioimagen.net\/wp-content\/uploads\/2017\/09\/CLASES11-portal-460x268.jpg\" alt=\"\" width=\"460\" height=\"268\" srcset=\"https:\/\/www.diarioimagen.net\/wp-content\/uploads\/2017\/09\/CLASES11-portal-460x268.jpg 460w, https:\/\/www.diarioimagen.net\/wp-content\/uploads\/2017\/09\/CLASES11-portal-240x140.jpg 240w, https:\/\/www.diarioimagen.net\/wp-content\/uploads\/2017\/09\/CLASES11-portal.jpg 480w\" sizes=\"auto, (max-width: 460px) 100vw, 460px\" \/><p id=\"caption-attachment-343482\" class=\"wp-caption-text\">Todas las escuelas del Edomex regresan a clases de manera normal este lunes, luego de la suspensi\u00f3n del viernes por el sismo.<\/p><\/div>\n<p>&nbsp;<\/p>\n<p><strong>Toluca, Estado de M\u00e9xico<\/strong>.- El gobierno del Estado de M\u00e9xico informa que este lunes 11 de septiembre los alumnos podr\u00e1n regresar a clases de manera normal, una vez que concluyeron los trabajos de revisi\u00f3n en planteles estatales de educaci\u00f3n b\u00e1sica, media superior y superior despu\u00e9s del sismo registrado el jueves de la semana pasada.<\/p>\n<p>Como parte del protocolo previsto en el \u201cPrograma de Protecci\u00f3n Civil de Instituciones Educativas\u201d, la Secretar\u00eda de Educaci\u00f3n, a trav\u00e9s del Instituto Mexiquense de la Infraestructura F\u00edsica Educativa (IMIFE), en coordinaci\u00f3n con las \u00e1reas de Protecci\u00f3n Civil estatal y municipales, as\u00ed como con el apoyo del personal directivo y docente, realiz\u00f3 la revisi\u00f3n de las instalaciones educativas para identificar posibles afectaciones ocasionadas por el sismo.<\/p>\n<p>Una vez concluido el peritaje, el IMIFE dictamin\u00f3 que 169 escuelas presentaron da\u00f1os menores, como fisuras en aulas, ba\u00f1os, patios y bardas perimetrales, y s\u00f3lo 14 planteles tienen da\u00f1os estructurales, de las cuales 7 son de nivel preescolar, 6 primarias y una instituci\u00f3n de nivel medio superior.<\/p>\n<p>De nivel preescolar, se trata de los planteles \u201cLev Vygotsky\u201d y \u201cLic. Agust\u00edn Gonz\u00e1lez\u201d de Toluca; \u201cFrida Kahlo\u201d, \u201cLuis G. Urbina\u201d, e \u201cIgnacio Manuel Altamirano\u201d de Cuautitl\u00e1n Izcalli; \u201cEnrique Pestalozzi\u201d de Tultitl\u00e1n, y \u201cFrancisco Gonz\u00e1lez Bocanegra\u201d, de Nezahualc\u00f3yotl.<\/p>\n<p>En el caso de las primarias, la \u201cGeneral Ignacio Zaragoza\u201d de Ocuilan, \u201cProfra. Francisca Romero Salgado\u201d de Coacalco; \u201cAlfredo del Mazo\u201d de Otumba; \u201cConstituci\u00f3n de 1917\u201d y \u201cEmiliano Zapata\u201d en Tec\u00e1mac; y \u201cHoracio Z\u00fa\u00f1iga\u201d en Ixtapaluca.<\/p>\n<p>En tanto, la instituci\u00f3n del nivel medio superior es el Plantel 57 Jaltenco del COBAEM.<\/p>\n<p>Los directores generales de cada subsistema, est\u00e1n gestionando la habilitaci\u00f3n de espacios en otras instituciones educativas, as\u00ed como en inmuebles municipales o estatales (bibliotecas, salas de usos m\u00faltiples, salones sociales, etc.), para continuar otorgando el servicio en lugares que re\u00fanan las condiciones de seguridad en el desarrollo de sus actividades.<\/p>\n<p>Como punto fundamental, se informar\u00e1 puntualmente a los padres de familia de las medidas preventivas adoptadas por seguridad de sus hijos, dando seguimiento a los trabajos de reparaci\u00f3n por parte de las autoridades correspondientes.<\/p>\n","protected":false},"excerpt":{"rendered":"<p>El gobierno del Estado de M\u00e9xico informa que este lunes 11 de septiembre los alumnos podr\u00e1n regresar a clases de manera normal, una vez que concluyeron los trabajos de revisi\u00f3n en planteles estatales de educaci\u00f3n b\u00e1sica, media superior y superior despu\u00e9s del sismo registrado el jueves de la semana pasada.<\/p>\n","protected":false},"author":5,"featured_media":343482,"comment_status":"open","ping_status":"open","sticky":false,"template":"","format":"standard","meta":{"_monsterinsights_skip_tracking":false,"_monsterinsights_sitenote_active":false,"_monsterinsights_sitenote_note":"","_monsterinsights_sitenote_category":0,"footnotes":""},"categories":[5],"tags":[43675,65325,65324,65326,65327,452],"class_list":["post-343481","post","type-post","status-publish","format-standard","has-post-thumbnail","hentry","category-estado-de-mexico","tag-estado-de-mexico","tag-lunes","tag-regresaran-a-clases","tag-roteccion-civil-de-instituciones-educativas","tag-secretaria-de-educacion","tag-toluca"],"_links":{"self":[{"href":"https:\/\/www.diarioimagen.net\/index.php?rest_route=\/wp\/v2\/posts\/343481","targetHints":{"allow":["GET"]}}],"collection":[{"href":"https:\/\/www.diarioimagen.net\/index.php?rest_route=\/wp\/v2\/posts"}],"about":[{"href":"https:\/\/www.diarioimagen.net\/index.php?rest_route=\/wp\/v2\/types\/post"}],"author":[{"embeddable":true,"href":"https:\/\/www.diarioimagen.net\/index.php?rest_route=\/wp\/v2\/users\/5"}],"replies":[{"embeddable":true,"href":"https:\/\/www.diarioimagen.net\/index.php?rest_route=%2Fwp%2Fv2%2Fcomments&post=343481"}],"version-history":[{"count":0,"href":"https:\/\/www.diarioimagen.net\/index.php?rest_route=\/wp\/v2\/posts\/343481\/revisions"}],"wp:featuredmedia":[{"embeddable":true,"href":"https:\/\/www.diarioimagen.net\/index.php?rest_route=\/wp\/v2\/media\/343482"}],"wp:attachment":[{"href":"https:\/\/www.diarioimagen.net\/index.php?rest_route=%2Fwp%2Fv2%2Fmedia&parent=343481"}],"wp:term":[{"taxonomy":"category","embeddable":true,"href":"https:\/\/www.diarioimagen.net\/index.php?rest_route=%2Fwp%2Fv2%2Fcategories&post=343481"},{"taxonomy":"post_tag","embeddable":true,"href":"https:\/\/www.diarioimagen.net\/index.php?rest_route=%2Fwp%2Fv2%2Ftags&post=343481"}],"curies":[{"name":"wp","href":"https:\/\/api.w.org\/{rel}","templated":true}]}}