{"id":343525,"date":"2017-09-11T00:09:28","date_gmt":"2017-09-11T05:09:28","guid":{"rendered":"http:\/\/www.diarioimagen.net\/?p=343525"},"modified":"2017-09-11T05:07:47","modified_gmt":"2017-09-11T10:07:47","slug":"reconocen-el-trabajo-de-los-notarios-mexiquenses","status":"publish","type":"post","link":"https:\/\/www.diarioimagen.net\/?p=343525","title":{"rendered":"Reconocen el trabajo de los notarios mexiquenses"},"content":{"rendered":"<h2>Arco Norte<\/h2>\n<h5>Jos\u00e9 Luis Monta\u00f1ez Aguilar<\/h5>\n<p>&nbsp;<\/p>\n<p><a href=\"http:\/\/www.diarioimagen.net\/?attachment_id=343640\" rel=\"attachment wp-att-343640\"><img loading=\"lazy\" decoding=\"async\" class=\"aligncenter size-large wp-image-343640\" src=\"http:\/\/www.diarioimagen.net\/wp-content\/uploads\/2017\/09\/arco-3204-460x259.jpg\" alt=\"\" width=\"460\" height=\"259\" srcset=\"https:\/\/www.diarioimagen.net\/wp-content\/uploads\/2017\/09\/arco-3204-460x259.jpg 460w, https:\/\/www.diarioimagen.net\/wp-content\/uploads\/2017\/09\/arco-3204-240x135.jpg 240w, https:\/\/www.diarioimagen.net\/wp-content\/uploads\/2017\/09\/arco-3204-235x132.jpg 235w, https:\/\/www.diarioimagen.net\/wp-content\/uploads\/2017\/09\/arco-3204-202x114.jpg 202w, https:\/\/www.diarioimagen.net\/wp-content\/uploads\/2017\/09\/arco-3204-350x196.jpg 350w, https:\/\/www.diarioimagen.net\/wp-content\/uploads\/2017\/09\/arco-3204-220x123.jpg 220w, https:\/\/www.diarioimagen.net\/wp-content\/uploads\/2017\/09\/arco-3204-237x132.jpg 237w, https:\/\/www.diarioimagen.net\/wp-content\/uploads\/2017\/09\/arco-3204.jpg 480w\" sizes=\"auto, (max-width: 460px) 100vw, 460px\" \/><\/a><\/p>\n<p>&nbsp;<\/p>\n<p>El gobernador Eruviel \u00c1vila destac\u00f3 que con la modernizaci\u00f3n del Instituto de la Funci\u00f3n Registral, cuyo fin es tener un registro p\u00fablico digital y no presencial, los tr\u00e1mites como el Certificado de Existencia de Grav\u00e1menes Automatizado, que anteriormente se realizaba en 25 d\u00edas hoy se pueden llevar a cabo en s\u00f3lo 15 minutos, as\u00ed\u00a0 que la administraci\u00f3n estatal se ubica entre los primeros sitios a nivel nacional y se consolida como una instituci\u00f3n s\u00f3lida y eficiente.<\/p>\n<p>Eruviel \u00c1vila presenci\u00f3 el \u00faltimo avance en materia de digitalizaci\u00f3n del IFREM, que permite tramitar en l\u00ednea el Certificado de Existencia o Inexistencia de Grav\u00e1menes Automatizado; esta modernizaci\u00f3n le mereci\u00f3 el reconocimiento de la Secretar\u00eda de Desarrollo Agrario, Territorial y Urbano de la federaci\u00f3n, que destac\u00f3 que el nivel de modernidad se mide en una escala del 1 al 100, y actualmente el Estado de M\u00e9xico cuenta con 83.2 puntos, cuando en 2015 contaba con 62.1.<\/p>\n<p>Tambi\u00e9n Eruviel \u00c1vila agradeci\u00f3 el trabajo en equipo que los notarios mexiquenses hicieron con la administraci\u00f3n estatal los \u00faltimos seis a\u00f1os, demostrando su capacidad, preparaci\u00f3n jur\u00eddica, conocimientos y experiencia para certificar y autorizar en los mejores t\u00e9rminos del derecho a todos aquellos que lo solicitan.<\/p>\n<p style=\"text-align: center;\"><strong>Suben tarifa de transporte; Mexib\u00fas y Mexicable quedan en 7 pesos<\/strong><\/p>\n<p>A partir de ayer domingo los servicios de transporte masivo del Estado de M\u00e9xico, Mexib\u00fas y Mexicable, suben su tarifa un peso por lo que el costo del viaje quedar\u00e1 en siete pesos. Asimismo, el Instituto Estatal del Transporte acord\u00f3 con las organizaciones de transportistas subir de 8 a 10 pesos la tarifa m\u00ednima en camiones y microbuses.<\/p>\n<p>Luego de concluir los estudios t\u00e9cnicos realizados conforme a la normatividad, que comprendi\u00f3 revisiones de campo en todos los derroteros del Estado de M\u00e9xico, el Instituto Estatal del Transporte determin\u00f3 incrementar la tarifa del servicio de 8 pesos a 10 pesos; Como antecedente se menciona que las tarifas no se incrementaban desde el 16 de mayo de 2013, fecha en que se realiz\u00f3 un ajuste a la tarifa del servicio p\u00fablico de pasajeros.<\/p>\n<p>El ajuste compromete a los transportistas a cumplir una serie de acciones como las mencionadas, con lo que se busca beneficiar a los usuarios del transporte p\u00fablico, por lo que tambi\u00e9n deber\u00e1n destinar los recursos a la renovaci\u00f3n del parque vehicular e instalar sistemas de geolocalizaci\u00f3n. Las variables econ\u00f3micas que se consideraron en el c\u00e1lculo de la tarifa de mayo de 2013 a septiembre de 2017 son las siguientes: el \u00cdndice Nacional de Precios al Consumidor, el tipo de cambio FIX, publicado por el Banco de M\u00e9xico y que permite cumplir con obligaciones contra\u00eddas en moneda extranjera (d\u00f3lares) se ubic\u00f3 en 17. 8733 pesos, generando un incremento de 68.46 por ciento en el periodo.<\/p>\n<p><em><a href=\"mailto:montanezaguilar@gmail.com\" target=\"_blank\" rel=\"noopener noreferrer\">montanezaguilar@gmail.com<\/a><\/em><\/p>\n","protected":false},"excerpt":{"rendered":"<p><span style=\"color: #005497;\">Jos\u00e9 Luis Monta\u00f1ez Aguilar<\/span><br \/>\n<br \/>\nEl gobernador Eruviel \u00c1vila destac\u00f3 que con la modernizaci\u00f3n del Instituto de la Funci\u00f3n Registral, cuyo fin es tener un registro p\u00fablico digital y no presencial, los tr\u00e1mites como el Certificado de Existencia de Grav\u00e1menes Automatizado, que anteriormente se realizaba en 25 d\u00edas hoy se pueden llevar a cabo en s\u00f3lo 15 minutos, as\u00ed  que la administraci\u00f3n estatal se ubica entre los primeros sitios a nivel nacional y se consolida como una instituci\u00f3n s\u00f3lida y eficiente.<\/p>\n","protected":false},"author":3,"featured_media":343640,"comment_status":"open","ping_status":"open","sticky":false,"template":"","format":"standard","meta":{"_monsterinsights_skip_tracking":false,"_monsterinsights_sitenote_active":false,"_monsterinsights_sitenote_note":"","_monsterinsights_sitenote_category":0,"footnotes":""},"categories":[35155],"tags":[13284,43704,43674],"class_list":["post-343525","post","type-post","status-publish","format-standard","has-post-thumbnail","hentry","category-estado-de-mexico-estado-de-mexico","tag-arco-norte","tag-jose-luis-montanez-aguilar","tag-opinion"],"_links":{"self":[{"href":"https:\/\/www.diarioimagen.net\/index.php?rest_route=\/wp\/v2\/posts\/343525","targetHints":{"allow":["GET"]}}],"collection":[{"href":"https:\/\/www.diarioimagen.net\/index.php?rest_route=\/wp\/v2\/posts"}],"about":[{"href":"https:\/\/www.diarioimagen.net\/index.php?rest_route=\/wp\/v2\/types\/post"}],"author":[{"embeddable":true,"href":"https:\/\/www.diarioimagen.net\/index.php?rest_route=\/wp\/v2\/users\/3"}],"replies":[{"embeddable":true,"href":"https:\/\/www.diarioimagen.net\/index.php?rest_route=%2Fwp%2Fv2%2Fcomments&post=343525"}],"version-history":[{"count":0,"href":"https:\/\/www.diarioimagen.net\/index.php?rest_route=\/wp\/v2\/posts\/343525\/revisions"}],"wp:featuredmedia":[{"embeddable":true,"href":"https:\/\/www.diarioimagen.net\/index.php?rest_route=\/wp\/v2\/media\/343640"}],"wp:attachment":[{"href":"https:\/\/www.diarioimagen.net\/index.php?rest_route=%2Fwp%2Fv2%2Fmedia&parent=343525"}],"wp:term":[{"taxonomy":"category","embeddable":true,"href":"https:\/\/www.diarioimagen.net\/index.php?rest_route=%2Fwp%2Fv2%2Fcategories&post=343525"},{"taxonomy":"post_tag","embeddable":true,"href":"https:\/\/www.diarioimagen.net\/index.php?rest_route=%2Fwp%2Fv2%2Ftags&post=343525"}],"curies":[{"name":"wp","href":"https:\/\/api.w.org\/{rel}","templated":true}]}}