{"id":343544,"date":"2017-09-11T00:02:56","date_gmt":"2017-09-11T05:02:56","guid":{"rendered":"http:\/\/www.diarioimagen.net\/?p=343544"},"modified":"2017-09-11T05:06:04","modified_gmt":"2017-09-11T10:06:04","slug":"investigadora-uaem-nominada-para-formar-parte-del-comite-general-de-la-organizacion-mundial-del-diseno","status":"publish","type":"post","link":"https:\/\/www.diarioimagen.net\/?p=343544","title":{"rendered":"Investigadora UAEM, nominada para formar parte del Comit\u00e9 General de la Organizaci\u00f3n Mundial del Dise\u00f1o"},"content":{"rendered":"<div id=\"attachment_343637\" style=\"width: 470px\" class=\"wp-caption aligncenter\"><a href=\"http:\/\/www.diarioimagen.net\/?attachment_id=343637\" rel=\"attachment wp-att-343637\"><img loading=\"lazy\" decoding=\"async\" aria-describedby=\"caption-attachment-343637\" class=\"size-large wp-image-343637\" src=\"http:\/\/www.diarioimagen.net\/wp-content\/uploads\/2017\/09\/UAEM-3204-460x259.jpg\" alt=\"\" width=\"460\" height=\"259\" srcset=\"https:\/\/www.diarioimagen.net\/wp-content\/uploads\/2017\/09\/UAEM-3204-460x259.jpg 460w, https:\/\/www.diarioimagen.net\/wp-content\/uploads\/2017\/09\/UAEM-3204-240x135.jpg 240w, https:\/\/www.diarioimagen.net\/wp-content\/uploads\/2017\/09\/UAEM-3204-235x132.jpg 235w, https:\/\/www.diarioimagen.net\/wp-content\/uploads\/2017\/09\/UAEM-3204-202x114.jpg 202w, https:\/\/www.diarioimagen.net\/wp-content\/uploads\/2017\/09\/UAEM-3204-350x196.jpg 350w, https:\/\/www.diarioimagen.net\/wp-content\/uploads\/2017\/09\/UAEM-3204-220x123.jpg 220w, https:\/\/www.diarioimagen.net\/wp-content\/uploads\/2017\/09\/UAEM-3204-237x132.jpg 237w, https:\/\/www.diarioimagen.net\/wp-content\/uploads\/2017\/09\/UAEM-3204.jpg 480w\" sizes=\"auto, (max-width: 460px) 100vw, 460px\" \/><\/a><p id=\"caption-attachment-343637\" class=\"wp-caption-text\">En una revisi\u00f3n de rutina se detect\u00f3 un arma y el veh\u00edculo con reporte de robo.<\/p><\/div>\n<p>&nbsp;<\/p>\n<p><strong>Toluca, Estado de M\u00e9xico.-\u00a0<\/strong>Martha Patricia Zarza Delgado, investigadora de la Facultad de Arquitectura y Dise\u00f1o de la Universidad Aut\u00f3noma del Estado de M\u00e9xico, est\u00e1 nominada para formar parte del Comit\u00e9 General de la Organizaci\u00f3n Mundial del Dise\u00f1o.<\/p>\n<p>De confirmarse su ingreso, ser\u00eda la \u00fanica latinoamericana y una de las tres mujeres que formar\u00edan parte de esta instancia. En entrevista, la universitaria destac\u00f3 que \u201cla participaci\u00f3n de Am\u00e9rica Latina e hispanohablantes es limitada en dicha organizaci\u00f3n; adem\u00e1s, existe poca participaci\u00f3n femenina\u201d.<\/p>\n<p>Asever\u00f3 que formar parte de la Organizaci\u00f3n, que tiene como funci\u00f3n principal promover el Dise\u00f1o Industrial como una herramienta estrat\u00e9gica para el desarrollo de cualquier comunidad, \u201cme permitir\u00eda abrir la posibilidad de que Latinoam\u00e9rica y M\u00e9xico muestren al mundo lo que realizan en esta \u00e1rea del conocimiento\u201d.<\/p>\n","protected":false},"excerpt":{"rendered":"<p>Martha Patricia Zarza Delgado, investigadora de la Facultad de Arquitectura y Dise\u00f1o de la Universidad Aut\u00f3noma del Estado de M\u00e9xico, est\u00e1 nominada para formar parte del Comit\u00e9 General de la Organizaci\u00f3n Mundial del Dise\u00f1o.<\/p>\n","protected":false},"author":3,"featured_media":343637,"comment_status":"open","ping_status":"open","sticky":false,"template":"","format":"standard","meta":{"_monsterinsights_skip_tracking":false,"_monsterinsights_sitenote_active":false,"_monsterinsights_sitenote_note":"","_monsterinsights_sitenote_category":0,"footnotes":""},"categories":[35155],"tags":[48032,43675,452,1491],"class_list":["post-343544","post","type-post","status-publish","format-standard","has-post-thumbnail","hentry","category-estado-de-mexico-estado-de-mexico","tag-diseno","tag-estado-de-mexico","tag-toluca","tag-uaem"],"_links":{"self":[{"href":"https:\/\/www.diarioimagen.net\/index.php?rest_route=\/wp\/v2\/posts\/343544","targetHints":{"allow":["GET"]}}],"collection":[{"href":"https:\/\/www.diarioimagen.net\/index.php?rest_route=\/wp\/v2\/posts"}],"about":[{"href":"https:\/\/www.diarioimagen.net\/index.php?rest_route=\/wp\/v2\/types\/post"}],"author":[{"embeddable":true,"href":"https:\/\/www.diarioimagen.net\/index.php?rest_route=\/wp\/v2\/users\/3"}],"replies":[{"embeddable":true,"href":"https:\/\/www.diarioimagen.net\/index.php?rest_route=%2Fwp%2Fv2%2Fcomments&post=343544"}],"version-history":[{"count":0,"href":"https:\/\/www.diarioimagen.net\/index.php?rest_route=\/wp\/v2\/posts\/343544\/revisions"}],"wp:featuredmedia":[{"embeddable":true,"href":"https:\/\/www.diarioimagen.net\/index.php?rest_route=\/wp\/v2\/media\/343637"}],"wp:attachment":[{"href":"https:\/\/www.diarioimagen.net\/index.php?rest_route=%2Fwp%2Fv2%2Fmedia&parent=343544"}],"wp:term":[{"taxonomy":"category","embeddable":true,"href":"https:\/\/www.diarioimagen.net\/index.php?rest_route=%2Fwp%2Fv2%2Fcategories&post=343544"},{"taxonomy":"post_tag","embeddable":true,"href":"https:\/\/www.diarioimagen.net\/index.php?rest_route=%2Fwp%2Fv2%2Ftags&post=343544"}],"curies":[{"name":"wp","href":"https:\/\/api.w.org\/{rel}","templated":true}]}}