{"id":343549,"date":"2017-09-11T00:04:35","date_gmt":"2017-09-11T05:04:35","guid":{"rendered":"http:\/\/www.diarioimagen.net\/?p=343549"},"modified":"2017-09-11T23:57:43","modified_gmt":"2017-09-12T04:57:43","slug":"ip-paquete-economico-responsable-y-congruente","status":"publish","type":"post","link":"https:\/\/www.diarioimagen.net\/?p=343549","title":{"rendered":"IP: paquete econ\u00f3mico, responsable y congruente"},"content":{"rendered":"<ul>\n<li><strong><em>Para fortalecer finanzas p\u00fablicas<\/em><\/strong><\/li>\n<\/ul>\n<p>&nbsp;<\/p>\n<div id=\"attachment_343658\" style=\"width: 470px\" class=\"wp-caption aligncenter\"><a href=\"http:\/\/www.diarioimagen.net\/?attachment_id=343658\" rel=\"attachment wp-att-343658\"><img loading=\"lazy\" decoding=\"async\" aria-describedby=\"caption-attachment-343658\" class=\"size-large wp-image-343658\" src=\"http:\/\/www.diarioimagen.net\/wp-content\/uploads\/2017\/09\/PAQUETE-3204-460x259.jpg\" alt=\"\" width=\"460\" height=\"259\" srcset=\"https:\/\/www.diarioimagen.net\/wp-content\/uploads\/2017\/09\/PAQUETE-3204-460x259.jpg 460w, https:\/\/www.diarioimagen.net\/wp-content\/uploads\/2017\/09\/PAQUETE-3204-240x135.jpg 240w, https:\/\/www.diarioimagen.net\/wp-content\/uploads\/2017\/09\/PAQUETE-3204-235x132.jpg 235w, https:\/\/www.diarioimagen.net\/wp-content\/uploads\/2017\/09\/PAQUETE-3204-202x114.jpg 202w, https:\/\/www.diarioimagen.net\/wp-content\/uploads\/2017\/09\/PAQUETE-3204-350x196.jpg 350w, https:\/\/www.diarioimagen.net\/wp-content\/uploads\/2017\/09\/PAQUETE-3204-220x123.jpg 220w, https:\/\/www.diarioimagen.net\/wp-content\/uploads\/2017\/09\/PAQUETE-3204-237x132.jpg 237w, https:\/\/www.diarioimagen.net\/wp-content\/uploads\/2017\/09\/PAQUETE-3204.jpg 480w\" sizes=\"auto, (max-width: 460px) 100vw, 460px\" \/><\/a><p id=\"caption-attachment-343658\" class=\"wp-caption-text\">El presidente del CCE, Juan Pablo Casta\u00f1\u00f3n, considera que el paquete econ\u00f3mico 2018 presentado por el Ejecutivo es responsable.<\/p><\/div>\n<p>&nbsp;<\/p>\n<p>El paquete econ\u00f3mico 2018, que el Ejecutivo federal present\u00f3 al Congreso de la Uni\u00f3n el pasado viernes, es responsable y congruente con la situaci\u00f3n fiscal del pa\u00eds, estim\u00f3 el presidente del Consejo Coordinador Empresarial (CCE), Juan Pablo Casta\u00f1\u00f3n.<\/p>\n<p>\u201cEn el sector privado celebramos que la propuesta sea un paso adelante para fortalecer las finanzas p\u00fablicas. Despu\u00e9s de a\u00f1os de crecimiento en sus niveles de endeudamiento, M\u00e9xico necesita garantizar la estabilidad macroecon\u00f3mica\u201d.<\/p>\n<p>En la publicaci\u00f3n \u201cLa Voz del CCE\u201d, destac\u00f3 que la propuesta de super\u00e1vit primario de 0.9 por ciento del Producto Interno Bruto (PIB) para 2018 contribuir\u00e1 a alcanzar ese objetivo, y permitir\u00e1 que la perspectiva estable de calificadoras como Moody\u2019s y Fitch se mantenga, y que eventualmente Standard &amp; Poors modifique su perspectiva negativa hacia positiva.<\/p>\n<p>El dirigente de la m\u00e1xima c\u00fapula empresarial del pa\u00eds afirm\u00f3 que s\u00f3lo con estabilidad macroecon\u00f3mica se puede esperar que la inflaci\u00f3n regrese a la meta de 3.0 por ciento del Banco de M\u00e9xico (Banxico), tener una moneda estable y disminuya la volatilidad financiera.<\/p>\n<p>As\u00ed, dijo, s\u00f3lo una econom\u00eda estable permitir\u00e1 preservar y fortalecer el ingreso de las familias mexicanas, fomentar la inversi\u00f3n productiva y generar nuevos y mejores empleos para los mexicanos.<\/p>\n<p>\u201cHay que tenerlo claro: la \u00fanica ruta al crecimiento econ\u00f3mico pasa por la responsabilidad fiscal\u201d, expres\u00f3 Casta\u00f1\u00f3n, pero precis\u00f3 que si bien la estabilidad es indispensable, tambi\u00e9n es insuficiente para generar crecimiento econ\u00f3mico.<\/p>\n<p>Se\u00f1al\u00f3 que de manera complementaria el gasto p\u00fablico debe propiciar el crecimiento, la productividad y la generaci\u00f3n de empleo, y ante ello, el ajuste propuesto de 28 mil millones de pesos al gasto en ramos administrativos debe dirigirse a reducir el gasto corriente, pero en ning\u00fan modo limitar el de inversi\u00f3n.<\/p>\n<p>En materia tributaria, el objetivo debe ser fortalecer la eficiencia recaudatoria, para no modificar la carga fiscal, recomend\u00f3 el presidente del CCE.<\/p>\n<p>En su opini\u00f3n, existe el reto de incorporar pol\u00edticas fiscales que promuevan el empleo, la inversi\u00f3n y la simplificaci\u00f3n administrativa, como ser\u00edan eliminar las actuales medidas fiscales que gravan el pago de prestaciones sociales a los trabajadores, sobregravan los rendimientos de la inversi\u00f3n de las empresas o facultan a la autoridad para solicitar informaci\u00f3n redundante.<\/p>\n<p>As\u00ed, sostuvo, el paquete econ\u00f3mico que se apruebe debe priorizar el fomento a la actividad productiva, porque solo con una econom\u00eda m\u00e1s din\u00e1mica se construir\u00e1 una sociedad con mayor bienestar.<\/p>\n<p>\u201cNecesitamos que se invierta en m\u00e1s y mejor infraestructura, que se mejoren los servicios p\u00fablicos y se fortalezca la eficiencia recaudatoria para no elevar la carga fiscal al menos durante 2018\u201d.<\/p>\n<p>Pero cumplir con estos objetivos exige mejorar la calidad del gasto, pues no solo se trata de asignar recursos, sino utilizarlos de manera efectiva, responsable y honesta, por lo cual hay que avanzar en el dise\u00f1o e implementaci\u00f3n de pol\u00edticas p\u00fablicas basadas en eficiencia y presupuestos sujetos a resultados.\u00a0 Esto incluye tambi\u00e9n a los gobiernos estatales y municipales que en 2018 tendr\u00e1n un aumento sustantivo de sus ingresos al proponerse un aumento de casi 100 mil millones de pesos en las participaciones y aportaciones para entidades federativas y municipios.<\/p>\n<p>Casta\u00f1on sostuvo que la discusi\u00f3n del paquete econ\u00f3mico deber\u00e1 promover que el gasto p\u00fablico est\u00e9 orientado a la construcci\u00f3n de un mejor ambiente de negocios para el pa\u00eds, por lo cual el CCE celebra que el Ejecutivo haya hecho \u00e9nfasis en fortalecer la seguridad p\u00fablica y combatir la corrupci\u00f3n en su presupuesto fiscal para el pr\u00f3ximo a\u00f1o.<\/p>\n<p>El presidente del CCE consider\u00f3 que el gasto programado en seguridad p\u00fablica solo tendr\u00e1 resultados si mejora tambi\u00e9n el gasto en la impartici\u00f3n de justicia y su eficiencia, por lo cual el rol del nuevo fiscal general es clave en esa tarea de fortalecer el Estado de derecho en todo el pa\u00eds. Confi\u00f3 en que la discusi\u00f3n del presupuesto permitir\u00e1 tener un 2018 en el que el gasto p\u00fablico sea un motor del crecimiento, un pilar de la estabilidad econ\u00f3mica y un modelo de eficiencia en el ejercicio de los recursos p\u00fablicos.<\/p>\n","protected":false},"excerpt":{"rendered":"<p>El paquete econ\u00f3mico 2018, que el Ejecutivo federal present\u00f3 al Congreso de la Uni\u00f3n el pasado viernes, es responsable y congruente con la situaci\u00f3n fiscal del pa\u00eds, estim\u00f3 el presidente del Consejo Coordinador Empresarial (CCE), Juan Pablo Casta\u00f1\u00f3n.<\/p>\n","protected":false},"author":3,"featured_media":343658,"comment_status":"open","ping_status":"open","sticky":false,"template":"","format":"standard","meta":{"_monsterinsights_skip_tracking":false,"_monsterinsights_sitenote_active":false,"_monsterinsights_sitenote_note":"","_monsterinsights_sitenote_category":0,"footnotes":""},"categories":[8],"tags":[4327,65372,43678,13609,44358],"class_list":["post-343549","post","type-post","status-publish","format-standard","has-post-thumbnail","hentry","category-finanzas","tag-cce","tag-congruente","tag-finanzas","tag-ip","tag-paquete-economico"],"_links":{"self":[{"href":"https:\/\/www.diarioimagen.net\/index.php?rest_route=\/wp\/v2\/posts\/343549","targetHints":{"allow":["GET"]}}],"collection":[{"href":"https:\/\/www.diarioimagen.net\/index.php?rest_route=\/wp\/v2\/posts"}],"about":[{"href":"https:\/\/www.diarioimagen.net\/index.php?rest_route=\/wp\/v2\/types\/post"}],"author":[{"embeddable":true,"href":"https:\/\/www.diarioimagen.net\/index.php?rest_route=\/wp\/v2\/users\/3"}],"replies":[{"embeddable":true,"href":"https:\/\/www.diarioimagen.net\/index.php?rest_route=%2Fwp%2Fv2%2Fcomments&post=343549"}],"version-history":[{"count":0,"href":"https:\/\/www.diarioimagen.net\/index.php?rest_route=\/wp\/v2\/posts\/343549\/revisions"}],"wp:featuredmedia":[{"embeddable":true,"href":"https:\/\/www.diarioimagen.net\/index.php?rest_route=\/wp\/v2\/media\/343658"}],"wp:attachment":[{"href":"https:\/\/www.diarioimagen.net\/index.php?rest_route=%2Fwp%2Fv2%2Fmedia&parent=343549"}],"wp:term":[{"taxonomy":"category","embeddable":true,"href":"https:\/\/www.diarioimagen.net\/index.php?rest_route=%2Fwp%2Fv2%2Fcategories&post=343549"},{"taxonomy":"post_tag","embeddable":true,"href":"https:\/\/www.diarioimagen.net\/index.php?rest_route=%2Fwp%2Fv2%2Ftags&post=343549"}],"curies":[{"name":"wp","href":"https:\/\/api.w.org\/{rel}","templated":true}]}}