{"id":343551,"date":"2017-09-11T00:08:25","date_gmt":"2017-09-11T05:08:25","guid":{"rendered":"http:\/\/www.diarioimagen.net\/?p=343551"},"modified":"2017-09-11T04:56:28","modified_gmt":"2017-09-11T09:56:28","slug":"metepec-abre-una-convocatoria-a-la-ciudadania-para-decidir-obras","status":"publish","type":"post","link":"https:\/\/www.diarioimagen.net\/?p=343551","title":{"rendered":"Metepec abre una convocatoria a la ciudadan\u00eda para decidir obras"},"content":{"rendered":"<ul>\n<li><strong><em>Una vez m\u00e1s <\/em><\/strong><\/li>\n<\/ul>\n<p>&nbsp;<\/p>\n<div id=\"attachment_343616\" style=\"width: 470px\" class=\"wp-caption aligncenter\"><a href=\"http:\/\/www.diarioimagen.net\/?attachment_id=343616\" rel=\"attachment wp-att-343616\"><img loading=\"lazy\" decoding=\"async\" aria-describedby=\"caption-attachment-343616\" class=\"size-large wp-image-343616\" src=\"http:\/\/www.diarioimagen.net\/wp-content\/uploads\/2017\/09\/METEPEC-3204-460x259.jpg\" alt=\"\" width=\"460\" height=\"259\" srcset=\"https:\/\/www.diarioimagen.net\/wp-content\/uploads\/2017\/09\/METEPEC-3204-460x259.jpg 460w, https:\/\/www.diarioimagen.net\/wp-content\/uploads\/2017\/09\/METEPEC-3204-240x135.jpg 240w, https:\/\/www.diarioimagen.net\/wp-content\/uploads\/2017\/09\/METEPEC-3204-235x132.jpg 235w, https:\/\/www.diarioimagen.net\/wp-content\/uploads\/2017\/09\/METEPEC-3204-202x114.jpg 202w, https:\/\/www.diarioimagen.net\/wp-content\/uploads\/2017\/09\/METEPEC-3204-350x196.jpg 350w, https:\/\/www.diarioimagen.net\/wp-content\/uploads\/2017\/09\/METEPEC-3204-220x123.jpg 220w, https:\/\/www.diarioimagen.net\/wp-content\/uploads\/2017\/09\/METEPEC-3204-237x132.jpg 237w, https:\/\/www.diarioimagen.net\/wp-content\/uploads\/2017\/09\/METEPEC-3204.jpg 480w\" sizes=\"auto, (max-width: 460px) 100vw, 460px\" \/><\/a><p id=\"caption-attachment-343616\" class=\"wp-caption-text\">El gobierno de Metepec considerar\u00e1 obras y acciones propuestas por la ciudadan\u00eda, que ahora incluir\u00e1n ni\u00f1as, ni\u00f1os y adolescentes.<\/p><\/div>\n<p>&nbsp;<\/p>\n<p><strong>Metepec, Estado de M\u00e9xico<\/strong>.-\u00a0Por segundo a\u00f1o consecutivo el gobierno local considerar\u00e1 obras y acciones propuestas por la ciudadan\u00eda, con la novedad de la participaci\u00f3n de ni\u00f1as, ni\u00f1os y adolescentes, las cuales, ser\u00e1n todas sometidas para su inclusi\u00f3n en el presupuesto del pr\u00f3ximo a\u00f1o.<\/p>\n<p>En un ejercicio democr\u00e1tico e incluyente, la administraci\u00f3n del alcalde David L\u00f3pez C\u00e1rdenas, publicar\u00e1 esta semana la convocatoria abierta a la poblaci\u00f3n para que proponga obras, proyectos o acciones que consideren prioritarias para su materializaci\u00f3n en las comunidades.<\/p>\n<p>Resalta en esta edici\u00f3n, la sugerencia de ni\u00f1as, ni\u00f1os y adolescentes, donde las autoridades har\u00e1n valer la voz y sentir de este sector de la poblaci\u00f3n mediante una boleta especial, ello, en congruencia con el Plan de trabajo que tiene como objetivo primordial velar por el bienestar y desarrollo de los infantes y de los adolescentes a trav\u00e9s del\u00a0\u00a0Sistema Municipal de Protecci\u00f3n Integral de Ni\u00f1as, Ni\u00f1os y Adolescentes (SIPINNA), esquema innovador y referente en el pa\u00eds.<\/p>\n<p>Los planteamientos captados por la sociedad, ser\u00e1n calificados por su viabilidad con base en el presupuesto 2018 y posteriormente ser\u00e1n votados por los mismos habitantes a trav\u00e9s de la p\u00e1gina oficial del ayun tamiento http:\/\/ www.metepec.gob.mx\/prespart\/.<\/p>\n<p>Una vez publicada la convocatoria se recibir\u00e1n las propuestas con fecha l\u00edmite al 29 de septiembre de este a\u00f1o o bien, directamente en los m\u00f3dulos de informaci\u00f3n del Palacio Municipal y en la Direcci\u00f3n de Gobierno por Resultados, con domicilio en Ignacio Zaragoza n\u00famero 116 Barrio del Esp\u00edritu Santo.<\/p>\n<p>Del 9 al 17 de octubre, las dependencias y organismos descentralizados de la administraci\u00f3n municipal realizar\u00e1n el estudio de viabilidad t\u00e9cnica, econ\u00f3mica y jur\u00eddica de las propuestas.<\/p>\n<p>A partir del 23 octubre al 7 de noviembre pr\u00f3ximos, los habitantes del municipio podr\u00e1n votar por la obra, acci\u00f3n o proyecto que consideren m\u00e1s importante para el municipio.<\/p>\n<p>La publicaci\u00f3n de los resultados ser\u00e1 el d\u00eda viernes 22 de noviembre del 2017 en el mismo sitio web.<\/p>\n<p>Cabe recordar que el a\u00f1o pasado con gran \u00e9xito,\u00a0\u00a0en total se recibieron 58 propuestas con mil 446 votos que derivaron en 10 obras de las cuales fueron cubiertas en el presente ejercicio fiscal, mismo mecanismo que repercutir\u00e1 favorablemente en las comunidades para el 2018.<\/p>\n","protected":false},"excerpt":{"rendered":"<p>Por segundo a\u00f1o consecutivo el gobierno local considerar\u00e1 obras y acciones propuestas por la ciudadan\u00eda, con la novedad de la participaci\u00f3n de ni\u00f1as, ni\u00f1os y adolescentes, las cuales, ser\u00e1n todas sometidas para su inclusi\u00f3n en el presupuesto del pr\u00f3ximo a\u00f1o.  <\/p>\n","protected":false},"author":3,"featured_media":343616,"comment_status":"open","ping_status":"open","sticky":false,"template":"","format":"standard","meta":{"_monsterinsights_skip_tracking":false,"_monsterinsights_sitenote_active":false,"_monsterinsights_sitenote_note":"","_monsterinsights_sitenote_category":0,"footnotes":""},"categories":[35155],"tags":[65373,43675,876,13417],"class_list":["post-343551","post","type-post","status-publish","format-standard","has-post-thumbnail","hentry","category-estado-de-mexico-estado-de-mexico","tag-decidir","tag-estado-de-mexico","tag-metepec","tag-obras"],"_links":{"self":[{"href":"https:\/\/www.diarioimagen.net\/index.php?rest_route=\/wp\/v2\/posts\/343551","targetHints":{"allow":["GET"]}}],"collection":[{"href":"https:\/\/www.diarioimagen.net\/index.php?rest_route=\/wp\/v2\/posts"}],"about":[{"href":"https:\/\/www.diarioimagen.net\/index.php?rest_route=\/wp\/v2\/types\/post"}],"author":[{"embeddable":true,"href":"https:\/\/www.diarioimagen.net\/index.php?rest_route=\/wp\/v2\/users\/3"}],"replies":[{"embeddable":true,"href":"https:\/\/www.diarioimagen.net\/index.php?rest_route=%2Fwp%2Fv2%2Fcomments&post=343551"}],"version-history":[{"count":0,"href":"https:\/\/www.diarioimagen.net\/index.php?rest_route=\/wp\/v2\/posts\/343551\/revisions"}],"wp:featuredmedia":[{"embeddable":true,"href":"https:\/\/www.diarioimagen.net\/index.php?rest_route=\/wp\/v2\/media\/343616"}],"wp:attachment":[{"href":"https:\/\/www.diarioimagen.net\/index.php?rest_route=%2Fwp%2Fv2%2Fmedia&parent=343551"}],"wp:term":[{"taxonomy":"category","embeddable":true,"href":"https:\/\/www.diarioimagen.net\/index.php?rest_route=%2Fwp%2Fv2%2Fcategories&post=343551"},{"taxonomy":"post_tag","embeddable":true,"href":"https:\/\/www.diarioimagen.net\/index.php?rest_route=%2Fwp%2Fv2%2Ftags&post=343551"}],"curies":[{"name":"wp","href":"https:\/\/api.w.org\/{rel}","templated":true}]}}